{"id":8314,"date":"2022-03-01T19:31:09","date_gmt":"2022-03-01T19:31:09","guid":{"rendered":"https:\/\/alst.org\/non-categorizzato\/ricerca\/"},"modified":"2024-03-12T06:31:28","modified_gmt":"2024-03-12T06:31:28","slug":"ricerca","status":"publish","type":"post","link":"https:\/\/alst.org\/it\/istruzione\/ricerca\/","title":{"rendered":"Ricerca"},"content":{"rendered":"\n<h2 class=\"wp-block-heading\">Scarica:<\/h2>\n\n<ul class=\"wp-block-list\"><li>Johannes Wrobel, <a href=\"https:\/\/alst.org\/wp-content\/uploads\/2022\/03\/aufsatz-wrobel.pdf\" target=\"_blank\" rel=\"noopener\">Zeugen Jehovas im Konzentrationslager &#8211; eine konstante H\u00e4ftlingskategorie 1933-1945<\/a>, in: &#8220;informationen&#8221; &#8211; Studienkreis: Deutscher Widerstand 60, Oktober 2004, S. 32-34.<br\/>Ed. vom Studienkreis Deutscher Widerstand 1933\u20131945 e.V., Rossertstr. 9, 60323 Frankfurt am Main, <a href=\"https:\/\/widerstand-1933-1945.de\" target=\"_blank\" rel=\"noopener nofollow\">https:\/\/widerstand-1933-1945.de<\/a><\/li><li>Tim B. M\u00fcller, <a href=\"https:\/\/alst.org\/wp-content\/uploads\/2022\/03\/RSG_20_2019-TMueller.pdf\" target=\"_blank\" rel=\"noopener\">&#8220;Your Human Rights, Your Fundamental Freedoms Are in Danger&#8221;<\/a>. Crusade Against Christianity, Jehovah&#8217;s Witnesses, and the Fight for Religious Freedom, in: Religion \u2013 Staat \u2013 Gesellschaft 20, 2019, S. 191\u2013222.<\/li><\/ul>\n\n<h2 class=\"wp-block-heading\">Ulteriore ricerca:<\/h2>\n\n<h3 class=\"wp-block-heading\">Persecuzione dei testimoni di Geova<\/h3>\n\n<ul class=\"wp-block-list\"><li>Emily B. Baran, <a href=\"https:\/\/www.amazon.de\/Dissent-Margins-Jehovahs-Witnesses-Communism\/dp\/0190495499\" target=\"_blank\" rel=\"noopener\">Dissent on the Margins. How Jehovah\u2019s Witnesses Defied Communism and Lived to Preach About It<\/a>, Oxford 2014.<\/li><li>Falk Bersch, <a href=\"https:\/\/metropol-verlag.de\/produkt\/falk-bersch-aberkannt-die-verfolgung-von-jehovas-zeugen-im-nationalsozialismus-und-in-der-sbzddr\/\" target=\"_blank\" rel=\"noopener nofollow\">Aberkannt! Die Verfolgung von Jehovas Zeugen im Nationalsozialismus und in der SBZ\/DDR<\/a>, Berlin 2017.<\/li><li>Gerhard Besier und Katarzyna Stok\u0142osa (Hrsg.), <a href=\"https:\/\/www.amazon.de\/Jehovas-Zeugen-Europa-Griechenland-Niederlande\/dp\/3643115083\" target=\"_blank\" rel=\"noopener\">Jehovas Zeugen in Europa \u2013 Geschichte und Gegenwart<\/a>, 3 Bde., Berlin 2013\u20132018.<\/li><li>Gerhard Besier und Clemens Vollnhals (Hrsg.), Repression und Selbstbehauptung. Die Zeugen Jehovas unter der NS- und der SED-Diktatur, Berlin 2003.<\/li><li>Jolene Chu, \u201cNo Creed but the Bible\u201d. The Belief System of Jehovah\u2019s Witnesses, in: Religion \u2013 Staat \u2013 Gesellschaft 16, 2015, S. 109\u2013175.<\/li><li>Jolene Chu, <a href=\"https:\/\/www.tandfonline.com\/doi\/abs\/10.1080\/1462352042000265837?journalCode=cjgr20\" target=\"_blank\" rel=\"noopener nofollow\">God\u2019s Things and Caesar\u2019s<\/a>. Jehovah\u2019s Witnesses and Political Neutrality, in: Journal of Genocide Research 6, 2004, S. 319\u2013342.<\/li><li>Hans-Hermann Dirksen, \u201c<a href=\"https:\/\/www.amazon.de\/%C2%BBKeine-Gnade-Feinden-unserer-Republik%C2%AB\/dp\/3428110757\" target=\"_blank\" rel=\"noopener\">Keine Gnade der Feinden unserer Republik<\/a>\u201d. Die Verfolgung der Zeugen Jehovas in der SBZ\/DDR 1945\u20131990, Berlin 2001.<\/li><li>Detlef Garbe, <a href=\"https:\/\/www.amazon.de\/Zwischen-Widerstand-Martyrium-Jehovas-Zeitgeschichte\/dp\/3486564048\" target=\"_blank\" rel=\"noopener\">Zwischen Widerstand und Martyrium. Die Zeugen Jehovas im \u201cDritten Reich\u201d<\/a>, M\u00fcnchen 1997.<\/li><li>Gerald Hacke, <a href=\"https:\/\/www.vandenhoeck-ruprecht-verlage.com\/themen-entdecken\/geschichte\/zeitgeschichte-ab-1949\/8221\/die-zeugen-jehovas-im-dritten-reich-und-in-der-ddr?number=1005495\" target=\"_blank\" rel=\"noopener nofollow\">Die Zeugen Jehovas im Dritten Reich und in der DDR. Feindbild und Verfolgungspraxis<\/a>, G\u00f6ttingen 2011.<\/li><li>Marcus Herrberger (Hrsg.), <a href=\"https:\/\/www.lehmanns.de\/shop\/recht-steuern\/6523000-9783704646712-denn-es-steht-geschrieben-du-sollst-nicht-toeten\" target=\"_blank\" rel=\"noopener nofollow\">Denn es steht geschrieben: \u201cDu sollst nicht t\u00f6ten!\u201d Die Verfolgung religi\u00f6ser Kriegsdienstverweigerer unter dem NS-Regime mit besonderer Ber\u00fccksichtigung der Zeugen Jehovas<\/a> (1939\u20131945), Wien 2005.<\/li><li>Hans Hesse (Hrsg.), \u201c<a href=\"https:\/\/www.amazon.de\/mutigsten-waren-wieder-Zeugen-Jehovas\/dp\/3861087243\" target=\"_blank\" rel=\"noopener\">Am mutigsten waren immer wieder die Zeugen Jehovas<\/a>\u201d. Verfolgung und Widerstand der Zeugen Jehovas im Nationalsozialismus, Bremen 1998.<\/li><li>Waldemar Hirch, <a href=\"https:\/\/www.amazon.com\/Glaubensgemeinschaft-Zeugen-Jehovas-w%C3%A4hrend-SED-Diktatur\/dp\/3631516207\" target=\"_blank\" rel=\"noopener nofollow\">Die Glaubensgemeinschaft der Zeugen Jehovas w\u00e4hrend der SED-Diktatur. Unter besonderer Ber\u00fccksichtigung ihrer Observierung and Unterdr\u00fcckung durch das Ministerium f\u00fcr Staatssicherheit<\/a>, Frankfurt 2003.<\/li><li>Tim B. M\u00fcller, Die Verfolgung der Zeugen Jehovas im Nationalsozialismus, in: H-Soz-Kult, 11. Juli 2019, <a href=\"https:\/\/www.hsozkult.de\/publicationreview\/id\/reb-27190\" target=\"_blank\" rel=\"noreferrer noopener nofollow\">https:\/\/www.hsozkult.de\/publicationreview\/id\/reb-27190<\/a><\/li><li>Tim B. M\u00fcller, Rezension G. Besier u.a. (Hrsg.): Jehovas Zeugen, in: H-Soz-Kult, 3. Dezember 2015, <a href=\"https:\/\/www.hsozkult.de\/publicationreview\/id\/reb-23655\" target=\"_blank\" rel=\"noreferrer noopener nofollow\">https:\/\/www.hsozkult.de\/publicationreview\/id\/reb-23655<\/a><\/li><li>Winfried Nerdinger und Christoph Wilker (Hrsg.), <a href=\"https:\/\/metropol-verlag.de\/produkt\/winfried-nerdingerchristoph-wilker-hrsg-die-verfolgung-der-zeugen-jehovas-in-muenchen-1933-1945-publikation-zur-ausstellung\/\" target=\"_blank\" rel=\"noopener nofollow\">Die Verfolgung der Zeugen Jehovas in M\u00fcnchen 1933\u20131945<\/a>, Berlin 2018.<\/li><li>Tharcisse Seminega, <a href=\"https:\/\/www.rwanda-nogreaterlove.com\/en\/home\" target=\"_blank\" rel=\"noopener nofollow\">No Greater Love. How My Family Survived the Genocide in Rwanda<\/a>, Davenport, IA 2019.<\/li><\/ul>\n\n<h3 class=\"wp-block-heading\">Diritti umani e libert\u00e0 religiosa<\/h3>\n\n<ul class=\"wp-block-list\"><li>Jennifer Jacobs Henderson, <a href=\"https:\/\/www.amazon.com\/Defending-Good-News-Witnesses-Amendment\/dp\/092299384X\" target=\"_blank\" rel=\"noopener nofollow\">Defending the Good News. The Jehovah\u2019s Witnesses\u2019 Plan to Expand the First Amendment<\/a>, Spokane 2010.<\/li><li>William Kaplan, <a href=\"https:\/\/books.google.lu\/books\/about\/State_and_Salvation.html?id=nXzZAAAAMAAJ&amp;redir_esc=y\" target=\"_blank\" rel=\"noopener nofollow\">State and Salvation. The Jehovah\u2019s Witnesses and Their Fight for Civil Rights<\/a>, Toronto 1989.<\/li><li>Zoe Knox, <a href=\"https:\/\/www.amazon.com\/Jehovahs-Witnesses-Secular-World-Histories\/dp\/1137396040\" target=\"_blank\" rel=\"noopener nofollow\">Jehovah\u2019s Witnesses and the Secular World<\/a>. From the 1970s to the Present, London 2018.<\/li><li>Shawn Francis Peters, <a href=\"https:\/\/www.amazon.com\/Judging-Jehovahs-Witnesses-Persecution-Revolution\/dp\/0700611827\" target=\"_blank\" rel=\"noopener nofollow\">Judging Jehovah\u2019s Witnesses. Religious Persecution and the Dawn of the Rights Revolution<\/a>, Lawrence 2000.<\/li><li>James T. Richardson, <a href=\"https:\/\/www.tandfonline.com\/doi\/abs\/10.1080\/09637494.2017.1389131\" target=\"_blank\" rel=\"noopener nofollow\">Update on Jehovah\u2019s Witnesses before the European Court of Human Rights. Implications of a Surprising Partnership<\/a>, in: Religion, State &amp; Society 45, 2017, S. 232\u2013248.<\/li><li>Jeroen Temperman, <a href=\"https:\/\/www.hugendubel.info\/detail\/ISBN-9789004346895\/Temperman-Jeroen\/The-European-Court-of-Human-Rights-and-the-Freedom-of-Religion-or-Belief-The-25-Years-Since-Kokkinakis\" target=\"_blank\" rel=\"noopener nofollow\">T. Jeremy Gunn und Malcolm Evans (Hrsg.), The European Court of Human Rights and the Freedom of Religion or Belief. The 25 Years since Kokkinakis<\/a>, Leiden 2019.<\/li><\/ul>\n\n<p><\/p>\n\n<h3 class=\"wp-block-heading\">Siti web consigliati<\/h3>\n\n<ul class=\"wp-block-list\"><li><a href=\"https:\/\/www.stiftung-denkmal.de\" target=\"_blank\" rel=\"noreferrer noopener nofollow\">https:\/\/www.stiftung-denkmal.de<\/a><\/li><li><a href=\"https:\/\/www.verfolgung-von-jugendlichen-im-ns.de\/biographies\/simone-arnold\" target=\"_blank\" rel=\"noreferrer noopener nofollow\">https:\/\/www.verfolgung-von-jugendlichen-im-ns.de\/biographies\/simone-arnold<\/a><\/li><li><a href=\"https:\/\/sfi.usc.edu\" target=\"_blank\" rel=\"noreferrer noopener nofollow\">https:\/\/sfi.usc.edu<\/a><\/li><li><a href=\"https:\/\/www.ushmm.org\" data-type=\"URL\" data-id=\"https:\/\/www.ushmm.org\" target=\"_blank\" rel=\"noreferrer noopener nofollow\">https:\/\/www.ushmm.org<\/a><\/li><li><a href=\"https:\/\/collections.ushmm.org\/search\/catalog\/irn39098\" target=\"_blank\" rel=\"noreferrer noopener nofollow\">https:\/\/collections.ushmm.org\/search\/catalog\/irn39098<\/a><\/li><li><a href=\"http:\/\/www.lilawinkel.at\/\" target=\"_blank\" rel=\"noreferrer noopener nofollow\">http:\/\/www.lilawinkel.at<\/a><\/li><li><a href=\"https:\/\/www.ns-dokuzentrum-muenchen.de\/home\/\" data-type=\"URL\" data-id=\"https:\/\/www.ns-dokuzentrum-muenchen.de\/home\/\" target=\"_blank\" rel=\"noreferrer noopener nofollow\">https:\/\/www.ns-dokuzentrum-muenchen.de\/home\/<\/a><\/li><li><a href=\"https:\/\/www.geschichte-jz-ffm.de\/\" rel=\"nofollow noopener\" target=\"_blank\">https:\/\/www.geschichte-jz-ffm.de<\/a><\/li><li><a href=\"https:\/\/www.loerrach.de\/de\/Loerrach-Erleben\/Kultur\/Stolpersteine\/Anna-Denz\" rel=\"nofollow noopener\" target=\"_blank\">https:\/\/www.loerrach.de\/de\/Loerrach-Erleben\/Kultur\/Stolpersteine\/Anna-Denz<\/a><\/li><li><a href=\"https:\/\/www.jw.org\/\" data-type=\"URL\" data-id=\"https:\/\/www.jw.org\/\" rel=\"nofollow noopener\" target=\"_blank\">https:\/\/www.jw.org\/<\/a><\/li><li><a href=\"https:\/\/www.jw.org\/de\/bibliothek\/videos\/#de\/mediaitems\/VODOrgHistory\/pub-fmo_x_VIDEO\" target=\"_blank\" rel=\"noreferrer noopener nofollow\">https:\/\/www.jw.org\/de\/bibliothek\/videos\/#de\/mediaitems\/VODOrgHistory\/pub-fmo_x_VIDEO<\/a><\/li><li><a href=\"https:\/\/hrwf.eu\" target=\"_blank\" rel=\"noreferrer noopener nofollow\">https:\/\/hrwf.eu<\/a><\/li><li><a href=\"https:\/\/bitterwinter.org\" target=\"_blank\" rel=\"noreferrer noopener nofollow\">https:\/\/bitterwinter.org<\/a><\/li><li><a href=\"https:\/\/1951deport.org\/en\/\" data-type=\"URL\" data-id=\"https:\/\/1951deport.org\/en\/\" target=\"_blank\" rel=\"noreferrer noopener nofollow\">https:\/\/1951deport.org\/en\/<\/a><\/li><li><a href=\"https:\/\/www.gdw-berlin.de\/home\/\" target=\"_blank\" rel=\"noreferrer noopener nofollow\">https:\/\/www.gdw-berlin.de\/home\/<\/a><\/li><li><a href=\"https:\/\/www.topographie.de\/topographie-des-terrors\/\" target=\"_blank\" rel=\"noreferrer noopener nofollow\">https:\/\/www.topographie.de\/topographie-des-terrors\/<\/a><\/li><li><a href=\"https:\/\/www.orte-der-erinnerung.de\" target=\"_blank\" rel=\"noreferrer noopener nofollow\">https:\/\/www.orte-der-erinnerung.de<\/a><\/li><\/ul>\n","protected":false},"excerpt":{"rendered":"<p>Scarica: Johannes Wrobel, Zeugen Jehovas im Konzentrationslager &#8211; eine konstante H\u00e4ftlingskategorie 1933-1945, in: &#8220;informationen&#8221; &#8211; Studienkreis: Deutscher Widerstand 60, Oktober 2004, S. 32-34.Ed. vom Studienkreis Deutscher Widerstand 1933\u20131945 e.V., Rossertstr. 9, 60323 Frankfurt am Main, https:\/\/widerstand-1933-1945.de Tim B. M\u00fcller, &#8220;Your Human Rights, Your Fundamental Freedoms Are in Danger&#8221;. Crusade Against Christianity, Jehovah&#8217;s Witnesses, and the [&hellip;]<\/p>\n","protected":false},"author":1,"featured_media":11029,"comment_status":"closed","ping_status":"closed","sticky":false,"template":"elementor_theme","format":"standard","meta":{"inline_featured_image":false,"footnotes":""},"categories":[157,172],"tags":[],"class_list":["post-8314","post","type-post","status-publish","format-standard","has-post-thumbnail","hentry","category-istruzione","category-storia"],"_links":{"self":[{"href":"https:\/\/alst.org\/it\/wp-json\/wp\/v2\/posts\/8314","targetHints":{"allow":["GET"]}}],"collection":[{"href":"https:\/\/alst.org\/it\/wp-json\/wp\/v2\/posts"}],"about":[{"href":"https:\/\/alst.org\/it\/wp-json\/wp\/v2\/types\/post"}],"author":[{"embeddable":true,"href":"https:\/\/alst.org\/it\/wp-json\/wp\/v2\/users\/1"}],"replies":[{"embeddable":true,"href":"https:\/\/alst.org\/it\/wp-json\/wp\/v2\/comments?post=8314"}],"version-history":[{"count":14,"href":"https:\/\/alst.org\/it\/wp-json\/wp\/v2\/posts\/8314\/revisions"}],"predecessor-version":[{"id":13428,"href":"https:\/\/alst.org\/it\/wp-json\/wp\/v2\/posts\/8314\/revisions\/13428"}],"wp:featuredmedia":[{"embeddable":true,"href":"https:\/\/alst.org\/it\/wp-json\/wp\/v2\/media\/11029"}],"wp:attachment":[{"href":"https:\/\/alst.org\/it\/wp-json\/wp\/v2\/media?parent=8314"}],"wp:term":[{"taxonomy":"category","embeddable":true,"href":"https:\/\/alst.org\/it\/wp-json\/wp\/v2\/categories?post=8314"},{"taxonomy":"post_tag","embeddable":true,"href":"https:\/\/alst.org\/it\/wp-json\/wp\/v2\/tags?post=8314"}],"curies":[{"name":"wp","href":"https:\/\/api.w.org\/{rel}","templated":true}]}}