{"id":5582,"date":"2022-03-01T14:14:42","date_gmt":"2022-03-01T14:14:42","guid":{"rendered":"https:\/\/alst.org\/?p=5582"},"modified":"2024-03-12T06:31:29","modified_gmt":"2024-03-12T06:31:29","slug":"rudolph-graichen","status":"publish","type":"post","link":"https:\/\/alst.org\/it\/istruzione\/interviste-a-testimoni-oculari\/rudolph-graichen\/","title":{"rendered":"Rudolph Graichen"},"content":{"rendered":"\n<p>Nel 2007, alcuni studenti del 3\u00b0anno della&nbsp;<em>Columbia Explorers Academy<\/em>&nbsp;(Chicago, Illinois) hanno fatto due domande a Rudolph Graichen sulla sua esperienza durante il periodo nazista.<\/p>\n\n\n\n<figure class=\"wp-block-image aligncenter size-full\"><img decoding=\"async\" width=\"250\" height=\"187\" src=\"https:\/\/alst.org\/wp-content\/uploads\/2022\/03\/rudolf-graichen-now.jpeg\" alt=\"Foto von Rudolf Graichen\" class=\"wp-image-1612\"\/><figcaption>Foto di Rudolf Graichen<\/figcaption><\/figure>\n\n\n\n<p><a href=\"https:\/\/alst.org\/it\/istruzione\/interviste-a-testimoni-oculari\/i-sopravvissuti-rispondono-alle-domande-degli-studenti-rudolph-graichen-question-1\/\" target=\"_blank\" data-type=\"post\" data-id=\"5945\" rel=\"noreferrer noopener\">Domanda 1 :<br>Cosa avete provato quando siete andato due volte in prigione ?<\/a><\/p>\n\n\n\n<p><a href=\"https:\/\/alst.org\/it\/istruzione\/interviste-a-testimoni-oculari\/i-sopravvissuti-rispondono-alle-domande-degli-studenti-rudolph-graichen-question-2\/\" target=\"_blank\" data-type=\"post\" data-id=\"5580\" rel=\"noreferrer noopener\">Domanda 2 :<br>Comment avez-vous surv\u00e9cu \u00e0 l\u2019Holocauste ?<\/a><\/p>\n\n\n\n<h4 class=\"wp-block-heading\">Sopravvissuto a una prigione nazista<\/h4>\n\n\n\n<p>Il professore disse&nbsp;: \u00ab&nbsp;Voi tutti dovreste indossare l\u2019uniforme della Giovent\u00f9 Hitleriana affinch\u00e9 chiunque possa vedere che siete dei gentili giovinetti di Hitler\u201d. Avrei preferito morire piuttosto che mettermi l\u2019uniforme nazista&lt;.<\/p>\n\n\n\n<h4 class=\"wp-block-heading\">RUDOLF GRAICHEN<\/h4>\n\n\n\n<figure class=\"wp-block-image alignleft size-full\"><img decoding=\"async\" width=\"156\" height=\"200\" src=\"https:\/\/alst.org\/wp-content\/uploads\/2022\/03\/rudolf-raichen-youth.jpeg\" alt=\"Foto von Rudolf Graichen als Junge\" class=\"wp-image-1598\"\/><figcaption>Foto di Rudolf Graichen da ragazzo<\/figcaption><\/figure>\n\n\n\n<p>Rudolf nacque nel 1925, in Germania. Nel 1937, quando la Gestapo arrest\u00f2 tutti i maschi adulti della locale comunit\u00e0 dei Testimoni di Geova, suo padre fu condannato a cinque anni di prigione. All&#8217;et\u00e0 di 12 anni, Rudolf dovette affrontare le intense pressioni esercitate a scuola per iscriversi alla Giovent\u00f9 Hitl\u00e9riana. Nel 1938, la polizia fece irruzione a scuola per condurre, sua sorella e lui, in un istituto di rieducazione. Pi\u00f9 tardi, tutte e due furono affidati a delle famiglie naziste. Nel 1943, fu condannato a quattro anni di prigione e trascorse pi\u00f9 di un anno in una cella di isolamento a Stollberg. Sua madre mor\u00ec nel campo di concentramento di Ravensbr\u00fcck poco prima della liberazione. Rudolf fu rilasciato alla fine della guerra. Nel 1950, fu torturato dalla polizia tedesca dell&#8217;est e rispedito in prigione per altri quattro anni. Rudolf Graichen attualmente abita in Brady, nel Texas.<\/p>\n","protected":false},"excerpt":{"rendered":"<p>Nel 2007, alcuni studenti del 3\u00b0anno della&nbsp;Columbia Explorers Academy&nbsp;(Chicago, Illinois) hanno fatto due domande a Rudolph Graichen sulla sua esperienza durante il periodo nazista. Domanda 1 :Cosa avete provato quando siete andato due volte in prigione ? Domanda 2 :Comment avez-vous surv\u00e9cu \u00e0 l\u2019Holocauste ? Sopravvissuto a una prigione nazista Il professore disse&nbsp;: \u00ab&nbsp;Voi tutti [&hellip;]<\/p>\n","protected":false},"author":1,"featured_media":1612,"comment_status":"closed","ping_status":"closed","sticky":false,"template":"","format":"standard","meta":{"inline_featured_image":false,"footnotes":""},"categories":[164,178],"tags":[],"class_list":["post-5582","post","type-post","status-publish","format-standard","has-post-thumbnail","hentry","category-interviste-a-testimoni-oculari","category-interviste-di-storia-orale"],"_links":{"self":[{"href":"https:\/\/alst.org\/it\/wp-json\/wp\/v2\/posts\/5582","targetHints":{"allow":["GET"]}}],"collection":[{"href":"https:\/\/alst.org\/it\/wp-json\/wp\/v2\/posts"}],"about":[{"href":"https:\/\/alst.org\/it\/wp-json\/wp\/v2\/types\/post"}],"author":[{"embeddable":true,"href":"https:\/\/alst.org\/it\/wp-json\/wp\/v2\/users\/1"}],"replies":[{"embeddable":true,"href":"https:\/\/alst.org\/it\/wp-json\/wp\/v2\/comments?post=5582"}],"version-history":[{"count":4,"href":"https:\/\/alst.org\/it\/wp-json\/wp\/v2\/posts\/5582\/revisions"}],"predecessor-version":[{"id":9698,"href":"https:\/\/alst.org\/it\/wp-json\/wp\/v2\/posts\/5582\/revisions\/9698"}],"wp:featuredmedia":[{"embeddable":true,"href":"https:\/\/alst.org\/it\/wp-json\/wp\/v2\/media\/1612"}],"wp:attachment":[{"href":"https:\/\/alst.org\/it\/wp-json\/wp\/v2\/media?parent=5582"}],"wp:term":[{"taxonomy":"category","embeddable":true,"href":"https:\/\/alst.org\/it\/wp-json\/wp\/v2\/categories?post=5582"},{"taxonomy":"post_tag","embeddable":true,"href":"https:\/\/alst.org\/it\/wp-json\/wp\/v2\/tags?post=5582"}],"curies":[{"name":"wp","href":"https:\/\/api.w.org\/{rel}","templated":true}]}}