{"id":15874,"date":"2026-02-10T18:24:13","date_gmt":"2026-02-10T18:24:13","guid":{"rendered":"https:\/\/alst.org\/non-categorizzato\/il-monumento-ai-testimoni-di-geova-perseguitati-sara-inaugurato-nel-2026\/"},"modified":"2026-02-10T20:21:03","modified_gmt":"2026-02-10T20:21:03","slug":"il-monumento-ai-testimoni-di-geova-perseguitati-sara-inaugurato-nel-2026","status":"publish","type":"post","link":"https:\/\/alst.org\/it\/notizie\/il-monumento-ai-testimoni-di-geova-perseguitati-sara-inaugurato-nel-2026\/","title":{"rendered":"Il monumento ai Testimoni di Geova perseguitati sar\u00e0 inaugurato il 24 giugno 2026"},"content":{"rendered":"\n<figure class=\"wp-block-image size-large\"><img fetchpriority=\"high\" decoding=\"async\" width=\"1024\" height=\"683\" src=\"https:\/\/alst.org\/wp-content\/uploads\/2026\/02\/Virtuelles-Modell-Mahnmal_Zeugen_Jehovas-1024x683.jpg\" alt=\"Modello virtuale in 3D del memoriale previsto per i Testimoni di Geova perseguitati e uccisi durante il nazionalsocialismo: una sottile colonna di pietra chiara con una superficie sfaccettata e dalla forma organica si erge in una radura aperta circondata da alberi decidui. Una figura bianca come riferimento di scala illustra l'altezza del monumento di circa quattro o cinque metri. Sintesi dell'immagine di Matthias Leeck, 2026.  \" class=\"wp-image-16391\" srcset=\"https:\/\/alst.org\/wp-content\/uploads\/2026\/02\/Virtuelles-Modell-Mahnmal_Zeugen_Jehovas-1024x683.jpg 1024w, https:\/\/alst.org\/wp-content\/uploads\/2026\/02\/Virtuelles-Modell-Mahnmal_Zeugen_Jehovas-300x200.jpg 300w, https:\/\/alst.org\/wp-content\/uploads\/2026\/02\/Virtuelles-Modell-Mahnmal_Zeugen_Jehovas-351x234.jpg 351w, https:\/\/alst.org\/wp-content\/uploads\/2026\/02\/Virtuelles-Modell-Mahnmal_Zeugen_Jehovas-768x512.jpg 768w, https:\/\/alst.org\/wp-content\/uploads\/2026\/02\/Virtuelles-Modell-Mahnmal_Zeugen_Jehovas-1536x1024.jpg 1536w, https:\/\/alst.org\/wp-content\/uploads\/2026\/02\/Virtuelles-Modell-Mahnmal_Zeugen_Jehovas-480x320.jpg 480w, https:\/\/alst.org\/wp-content\/uploads\/2026\/02\/Virtuelles-Modell-Mahnmal_Zeugen_Jehovas-640x427.jpg 640w, https:\/\/alst.org\/wp-content\/uploads\/2026\/02\/Virtuelles-Modell-Mahnmal_Zeugen_Jehovas-720x480.jpg 720w, https:\/\/alst.org\/wp-content\/uploads\/2026\/02\/Virtuelles-Modell-Mahnmal_Zeugen_Jehovas.jpg 1920w\" sizes=\"(max-width: 1024px) 100vw, 1024px\" \/><figcaption class=\"wp-element-caption\">Modello virtuale del memoriale dei Testimoni di Geova perseguitati e uccisi sotto il nazionalsocialismo, Matthias Leeck, sintesi di immagini, 2026<\/figcaption><\/figure>\n\n<p>Dopo 15 anni di intensi sforzi, il monumento ai Testimoni di Geova perseguitati e uccisi durante il nazionalsocialismo sta per diventare realt\u00e0: i lavori di costruzione inizieranno nel marzo 2026 nel Tiergarten di Berlino, vicino al laghetto dei pesci rossi. Il progetto si basa su una risoluzione approvata dal Bundestag tedesco il 22 giugno 2023 ed \u00e8 finanziato dal Commissario del Governo Federale per la Cultura e i Media. La Fondazione Memorial to the Murdered Jews of Europe<a href=\"https:\/\/www.stiftung-denkmal.de\" target=\"_blank\" data-type=\"link\" data-id=\"www.stiftung-denkmal.de\" rel=\"noreferrer noopener nofollow\">(www.stiftung-denkmal.de)<\/a> \u00e8 responsabile della realizzazione.  <\/p>\n\n<p>L&#8217;artista Matthias Leeck ha progettato la semplice scultura in bronzo a forma di tronco d&#8217;albero per il sito commemorativo. L&#8217;opera d&#8217;arte \u00e8 alta 4,95 metri, pesa circa 10 tonnellate e, a causa del suo peso, viene trasportata sul posto in parti singole e assemblata in loco. Insieme a un pannello informativo, a un percorso di accesso e a varie piantumazioni, il sito commemorativo \u00e8 integrato nel giardino monumentale Gro\u00dfer Tiergarten in conformit\u00e0 con le specifiche dell&#8217;Ufficio dei Monumenti di Stato.  <\/p>\n\n<p>La cerimonia di consegna del monumento al pubblico avr\u00e0 luogo il 24 giugno 2026 con una cerimonia di un&#8217;ora. Alla cerimonia parteciperanno, tra gli altri, il Presidente del Bundestag Julia Kl\u00f6ckner, il Ministro di Stato per la Cultura e i Media Wolfram Weimer e la Senatrice per la Cultura di Berlino Sarah Wedl-Wilson. Il giorno prima, la Fondazione Arnold Liebster ospiter\u00e0 un ricevimento presso l&#8217;Akademie der K\u00fcnste a Pariser Platz. Ulteriori dettagli sul programma dell&#8217;inaugurazione sono disponibili sul sito <a href=\"https:\/\/www.stiftung-denkmal.de\/aktuelles\/errichtung-des-mahnmals-fuer-die-zeugen-jehovas-beginnt\/\" target=\"_blank\" data-type=\"link\" data-id=\"https:\/\/www.stiftung-denkmal.de\/aktuelles\/errichtung-des-mahnmals-fuer-die-zeugen-jehovas-beginnt\/\" rel=\"noreferrer noopener nofollow\">www.stiftung-denkmal.de\/aktuelles\/errichtung-des-mahnmals-fuer-die-zeugen-jehovas-beginnt\/.<\/a>   <\/p>\n\n<p>Il luogo in cui si trova il laghetto dei pesci rossi ha un significato storico particolare: il 22 agosto 1936 la Gestapo effettu\u00f2 un&#8217;operazione di arresto contro i principali Testimoni di Geova. La comunit\u00e0 religiosa era stata sistematicamente perseguitata in Germania dal 1933 e in tutta l&#8217;Europa governata dai nazisti dal 1938. Quasi 14.000 Testimoni di Geova furono imprigionati, di cui 4.200 nei campi di concentramento, dove furono stigmatizzati con un &#8220;triangolo viola&#8221;. Almeno 1.700 di loro persero la vita.   <\/p>\n\n<p><\/p>\n","protected":false},"excerpt":{"rendered":"<p>Dopo 15 anni di intensi sforzi, il monumento ai Testimoni di Geova perseguitati e uccisi durante il nazionalsocialismo sta per diventare realt\u00e0: i lavori di costruzione inizieranno nel marzo 2026 nel Tiergarten di Berlino, vicino al laghetto dei pesci rossi. Il progetto si basa su una risoluzione approvata dal Bundestag tedesco il 22 giugno 2023 [&hellip;]<\/p>\n","protected":false},"author":1,"featured_media":16394,"comment_status":"closed","ping_status":"closed","sticky":false,"template":"","format":"standard","meta":{"inline_featured_image":false,"footnotes":""},"categories":[153],"tags":[],"class_list":["post-15874","post","type-post","status-publish","format-standard","has-post-thumbnail","hentry","category-notizie"],"_links":{"self":[{"href":"https:\/\/alst.org\/it\/wp-json\/wp\/v2\/posts\/15874","targetHints":{"allow":["GET"]}}],"collection":[{"href":"https:\/\/alst.org\/it\/wp-json\/wp\/v2\/posts"}],"about":[{"href":"https:\/\/alst.org\/it\/wp-json\/wp\/v2\/types\/post"}],"author":[{"embeddable":true,"href":"https:\/\/alst.org\/it\/wp-json\/wp\/v2\/users\/1"}],"replies":[{"embeddable":true,"href":"https:\/\/alst.org\/it\/wp-json\/wp\/v2\/comments?post=15874"}],"version-history":[{"count":3,"href":"https:\/\/alst.org\/it\/wp-json\/wp\/v2\/posts\/15874\/revisions"}],"predecessor-version":[{"id":16466,"href":"https:\/\/alst.org\/it\/wp-json\/wp\/v2\/posts\/15874\/revisions\/16466"}],"wp:featuredmedia":[{"embeddable":true,"href":"https:\/\/alst.org\/it\/wp-json\/wp\/v2\/media\/16394"}],"wp:attachment":[{"href":"https:\/\/alst.org\/it\/wp-json\/wp\/v2\/media?parent=15874"}],"wp:term":[{"taxonomy":"category","embeddable":true,"href":"https:\/\/alst.org\/it\/wp-json\/wp\/v2\/categories?post=15874"},{"taxonomy":"post_tag","embeddable":true,"href":"https:\/\/alst.org\/it\/wp-json\/wp\/v2\/tags?post=15874"}],"curies":[{"name":"wp","href":"https:\/\/api.w.org\/{rel}","templated":true}]}}