{"id":5429,"date":"2022-03-09T17:29:39","date_gmt":"2022-03-09T17:29:39","guid":{"rendered":"https:\/\/alst.org\/?p=5429"},"modified":"2024-03-12T06:31:02","modified_gmt":"2024-03-12T06:31:02","slug":"biographie-adolphe-arnold-chapitre-9-1963-1977-une-fin-de-vie-paisible-et-bien-remplie","status":"publish","type":"post","link":"https:\/\/alst.org\/fr\/histoire\/biographies-fr-2\/biographie-adolphe-arnold-chapitre-9-1963-1977-une-fin-de-vie-paisible-et-bien-remplie\/","title":{"rendered":"Biographie Adolphe Arnold Chapitre 9 (1963-1977) : Une fin de vie paisible et bien remplie"},"content":{"rendered":"\t\t<div data-elementor-type=\"wp-post\" data-elementor-id=\"5429\" class=\"elementor elementor-5429 elementor-2985\" data-elementor-post-type=\"post\">\n\t\t\t\t\t\t<section class=\"elementor-section elementor-top-section elementor-element elementor-element-60b3b0e5 elementor-section-boxed elementor-section-height-default elementor-section-height-default\" data-id=\"60b3b0e5\" data-element_type=\"section\" data-e-type=\"section\" data-settings=\"{&quot;jet_parallax_layout_list&quot;:[]}\">\n\t\t\t\t\t\t<div class=\"elementor-container elementor-column-gap-no\">\n\t\t\t\t\t<div class=\"elementor-column elementor-col-100 elementor-top-column elementor-element elementor-element-31f980a\" data-id=\"31f980a\" data-element_type=\"column\" data-e-type=\"column\">\n\t\t\t<div class=\"elementor-widget-wrap elementor-element-populated\">\n\t\t\t\t\t\t<div class=\"elementor-element elementor-element-13032086 elementor-widget elementor-widget-text-editor\" data-id=\"13032086\" data-element_type=\"widget\" data-e-type=\"widget\" data-widget_type=\"text-editor.default\">\n\t\t\t\t\t\t\t\t\t<figure id=\"attachment_2986\" aria-describedby=\"caption-attachment-2986\" style=\"width: 320px\" class=\"wp-caption aligncenter\"><img fetchpriority=\"high\" decoding=\"async\" class=\"size-full wp-image-2986\" src=\"https:\/\/alst.org\/wp-content\/uploads\/2022\/03\/35-e1646846946469.jpeg\" alt=\"Die vereinte Familie 1977 vor dem Haus. Von links nach rechts: Max, Simone, Emma, Adolphe, Eug\u00e9nie\" width=\"320\" height=\"241\" srcset=\"https:\/\/alst.org\/wp-content\/uploads\/2022\/03\/35-e1646846946469.jpeg 320w, https:\/\/alst.org\/wp-content\/uploads\/2022\/03\/35-e1646846946469-311x234.jpeg 311w, https:\/\/alst.org\/wp-content\/uploads\/2022\/03\/35-e1646846946469-300x226.jpeg 300w\" sizes=\"(max-width: 320px) 100vw, 320px\" \/><figcaption id=\"caption-attachment-2986\" class=\"wp-caption-text\">La famille r\u00e9unie devant la maison en 1977. De gauche \u00e0 droite : Max, Simone, Emma, Adolphe, Eug\u00e9nie.<\/figcaption><\/figure><p>Les couples Arnold et Liebster \u00e9lurent domicile dans une maison \u00e0 Aix-les-Bains, une superbe petite ville de Haute-Savoie o\u00f9 il n\u2019y avait pas encore de congr\u00e9gation de T\u00e9moins de J\u00e9hovah.<\/p><p>Adolphe, toujours anim\u00e9 du m\u00eame z\u00e8le pour r\u00e9pandre \u00ab la bonne nouvelle du royaume de Dieu \u00bb, aida de nombreuses personnes \u00e0 avoir foi dans les promesses bibliques. Quand les T\u00e9moins de J\u00e9hovah tenaient leurs grandes assembl\u00e9es religieuses, le p\u00e8re et la fille faisaient \u00e9quipe pour peindre d\u2019immenses d\u00e9cors qui servaient d\u2019arri\u00e8re-fond au podium des orateurs. Le gendre, Max, qui avait travaill\u00e9 comme d\u00e9corateur de vitrines dans le pass\u00e9, mettait en \u0153uvre tout son savoir-faire, ses muscles et son enthousiasme pour installer ces gigantesques t\u00e9moignages d\u2019amour du prochain.<\/p><p class=\"pbio\">Max \u00e9tait plus un fils qu\u2019un gendre pour Adolphe. Il accompagnait son beau-p\u00e8re au domicile des personnes int\u00e9ress\u00e9es et lui servait d\u2019oreille, r\u00e9pondant aux questions et pr\u00e9parant le terrain pour ses cours bibliques. Adolphe assistait \u00e0 toutes les r\u00e9unions religieuses m\u00eame s\u2019il n\u2019entendait plus rien. Simone s\u2019asseyait \u00e0 c\u00f4t\u00e9 de lui et notait pour lui ce qui se disait pour qu\u2019il puisse suivre et donner ses commentaires. La famille ne communiquait plus avec lui que par \u00e9crit.<\/p><p class=\"pbio\">Eug\u00e9nie, qui avait pris sur ses maigres ressources pendant la guerre pour envoyer des paquets \u00e0 Adolphe et \u00e0 Emma dans les camps, d\u00e9m\u00e9nagea avec son mari \u00e0 Aix pour \u00eatre pr\u00e8s de sa s\u0153ur. En 1974, elle se retrouva veuve pour la deuxi\u00e8me fois. Adolphe l\u2019invita de nouveau \u00e0 partager leurs repas quotidiens.<\/p><p class=\"pbio\">Le dernier dimanche de d\u00e9cembre 1977, Adolphe sortit comme d\u2019habitude pour partager sa foi avec les gens et assister \u00e0 la r\u00e9union religieuse. Deux jours plus tard, alors qu\u2019il \u00e9tait en train de lire un magazine biblique, il s\u2019effondra, mort, \u00e0 la grande d\u00e9tresse de sa femme bien-aim\u00e9e. Quelques heures plus t\u00f4t, il avait encore aid\u00e9 Simone, qui cousait une veste, \u00e0 raccorder avec pr\u00e9cision le motif de la manche \u00e0 celui de l\u2019\u00e9paule.<br \/>\u00a0<br \/>La mort paisible d\u2019Adolphe mit fin \u00e0 un tableau familier\u00a0: Adolphe et Emma, c\u00f4te \u00e0 c\u00f4te, partageant par \u00e9crit propos tendres et commentaires bibliques.<\/p>\t\t\t\t\t\t\t\t<\/div>\n\t\t\t\t<div class=\"elementor-element elementor-element-d503c4e elementor-arrows-position-inside elementor-widget elementor-widget-image-carousel\" data-id=\"d503c4e\" data-element_type=\"widget\" data-e-type=\"widget\" data-settings=\"{&quot;slides_to_show&quot;:&quot;1&quot;,&quot;navigation&quot;:&quot;arrows&quot;,&quot;autoplay&quot;:&quot;yes&quot;,&quot;pause_on_hover&quot;:&quot;yes&quot;,&quot;pause_on_interaction&quot;:&quot;yes&quot;,&quot;autoplay_speed&quot;:5000,&quot;infinite&quot;:&quot;yes&quot;,&quot;effect&quot;:&quot;slide&quot;,&quot;speed&quot;:500}\" data-widget_type=\"image-carousel.default\">\n\t\t\t\t\t\t\t<div class=\"elementor-image-carousel-wrapper swiper\" role=\"region\" aria-roledescription=\"carousel\" aria-label=\"Carrousel d\u2019images\" dir=\"ltr\">\n\t\t\t<div class=\"elementor-image-carousel swiper-wrapper\" aria-live=\"off\">\n\t\t\t\t\t\t\t\t<div class=\"swiper-slide\" role=\"group\" aria-roledescription=\"slide\" aria-label=\"1 sur 3\"><figure class=\"swiper-slide-inner\"><img decoding=\"async\" class=\"swiper-slide-image\" src=\"https:\/\/alst.org\/wp-content\/uploads\/2022\/03\/33-e1646847306454.jpeg\" alt=\"Une des plus de 60 d\u00e9corations con\u00e7ues et r\u00e9alis\u00e9es par Adolphe et Simone pour diff\u00e9rents assembl\u00e9es des T\u00e9moins de J\u00e9hovah.\" \/><figcaption class=\"elementor-image-carousel-caption\">Une des plus de 60 d\u00e9corations con\u00e7ues et r\u00e9alis\u00e9es par Adolphe et Simone pour diff\u00e9rents assembl\u00e9es des T\u00e9moins de J\u00e9hovah.<\/figcaption><\/figure><\/div><div class=\"swiper-slide\" role=\"group\" aria-roledescription=\"slide\" aria-label=\"2 sur 3\"><figure class=\"swiper-slide-inner\"><img decoding=\"async\" class=\"swiper-slide-image\" src=\"https:\/\/alst.org\/wp-content\/uploads\/2022\/03\/32b-e1646847216859.jpeg\" alt=\"Carte postale dessin\u00e9e par Adolphe et Simone pour le congr\u00e8s des T\u00e9moins de J\u00e9hovah \u00e0 Lyon en 1968.\" \/><figcaption class=\"elementor-image-carousel-caption\">Carte postale dessin\u00e9e par Adolphe et Simone pour le congr\u00e8s des T\u00e9moins de J\u00e9hovah \u00e0 Lyon en 1968<\/figcaption><\/figure><\/div><div class=\"swiper-slide\" role=\"group\" aria-roledescription=\"slide\" aria-label=\"3 sur 3\"><figure class=\"swiper-slide-inner\"><img decoding=\"async\" class=\"swiper-slide-image\" src=\"https:\/\/alst.org\/wp-content\/uploads\/2022\/03\/34-e1646847408120.jpeg\" alt=\"Tableau peint par Adolphe pour une Salle du Royaume des T\u00e9moins de J\u00e9hovah\" \/><figcaption class=\"elementor-image-carousel-caption\">Tableau peint par Adolphe pour une Salle du Royaume des T\u00e9moins de J\u00e9hovah<\/figcaption><\/figure><\/div>\t\t\t<\/div>\n\t\t\t\t\t\t\t\t\t\t\t\t<div class=\"elementor-swiper-button elementor-swiper-button-prev\" role=\"button\" tabindex=\"0\">\n\t\t\t\t\t\t<svg aria-hidden=\"true\" class=\"e-font-icon-svg e-eicon-chevron-left\" viewBox=\"0 0 1000 1000\" xmlns=\"http:\/\/www.w3.org\/2000\/svg\"><path d=\"M646 125C629 125 613 133 604 142L308 442C296 454 292 471 292 487 292 504 296 521 308 533L604 854C617 867 629 875 646 875 663 875 679 871 692 858 704 846 713 829 713 812 713 796 708 779 692 767L438 487 692 225C700 217 708 204 708 187 708 171 704 154 692 142 675 129 663 125 646 125Z\"><\/path><\/svg>\t\t\t\t\t<\/div>\n\t\t\t\t\t<div class=\"elementor-swiper-button elementor-swiper-button-next\" role=\"button\" tabindex=\"0\">\n\t\t\t\t\t\t<svg aria-hidden=\"true\" class=\"e-font-icon-svg e-eicon-chevron-right\" viewBox=\"0 0 1000 1000\" xmlns=\"http:\/\/www.w3.org\/2000\/svg\"><path d=\"M696 533C708 521 713 504 713 487 713 471 708 454 696 446L400 146C388 133 375 125 354 125 338 125 325 129 313 142 300 154 292 171 292 187 292 204 296 221 308 233L563 492 304 771C292 783 288 800 288 817 288 833 296 850 308 863 321 871 338 875 354 875 371 875 388 867 400 854L696 533Z\"><\/path><\/svg>\t\t\t\t\t<\/div>\n\t\t\t\t\n\t\t\t\t\t\t\t\t\t<\/div>\n\t\t\t\t\t\t<\/div>\n\t\t\t\t\t<\/div>\n\t\t<\/div>\n\t\t\t\t\t<\/div>\n\t\t<\/section>\n\t\t\t\t<\/div>\n\t\t","protected":false},"excerpt":{"rendered":"<p>Les couples Arnold et Liebster \u00e9lurent domicile dans une maison \u00e0 Aix-les-Bains, une superbe petite ville de Haute-Savoie o\u00f9 il n\u2019y avait pas encore de congr\u00e9gation de T\u00e9moins de J\u00e9hovah. Adolphe, toujours anim\u00e9 du m\u00eame z\u00e8le pour r\u00e9pandre \u00ab la bonne nouvelle du royaume de Dieu \u00bb, aida de nombreuses personnes \u00e0 avoir foi dans [&hellip;]<\/p>\n","protected":false},"author":1,"featured_media":2988,"comment_status":"closed","ping_status":"closed","sticky":false,"template":"","format":"standard","meta":{"inline_featured_image":false,"footnotes":""},"categories":[198],"tags":[],"class_list":["post-5429","post","type-post","status-publish","format-standard","has-post-thumbnail","hentry","category-biographies-fr-2"],"_links":{"self":[{"href":"https:\/\/alst.org\/fr\/wp-json\/wp\/v2\/posts\/5429","targetHints":{"allow":["GET"]}}],"collection":[{"href":"https:\/\/alst.org\/fr\/wp-json\/wp\/v2\/posts"}],"about":[{"href":"https:\/\/alst.org\/fr\/wp-json\/wp\/v2\/types\/post"}],"author":[{"embeddable":true,"href":"https:\/\/alst.org\/fr\/wp-json\/wp\/v2\/users\/1"}],"replies":[{"embeddable":true,"href":"https:\/\/alst.org\/fr\/wp-json\/wp\/v2\/comments?post=5429"}],"version-history":[{"count":15,"href":"https:\/\/alst.org\/fr\/wp-json\/wp\/v2\/posts\/5429\/revisions"}],"predecessor-version":[{"id":9664,"href":"https:\/\/alst.org\/fr\/wp-json\/wp\/v2\/posts\/5429\/revisions\/9664"}],"wp:featuredmedia":[{"embeddable":true,"href":"https:\/\/alst.org\/fr\/wp-json\/wp\/v2\/media\/2988"}],"wp:attachment":[{"href":"https:\/\/alst.org\/fr\/wp-json\/wp\/v2\/media?parent=5429"}],"wp:term":[{"taxonomy":"category","embeddable":true,"href":"https:\/\/alst.org\/fr\/wp-json\/wp\/v2\/categories?post=5429"},{"taxonomy":"post_tag","embeddable":true,"href":"https:\/\/alst.org\/fr\/wp-json\/wp\/v2\/tags?post=5429"}],"curies":[{"name":"wp","href":"https:\/\/api.w.org\/{rel}","templated":true}]}}