{"id":5375,"date":"2022-03-02T14:51:38","date_gmt":"2022-03-02T14:51:38","guid":{"rendered":"https:\/\/alst.org\/?p=5375"},"modified":"2024-03-12T06:31:03","modified_gmt":"2024-03-12T06:31:03","slug":"region-de-munster-rhenanie-westphalie-allemagne","status":"publish","type":"post","link":"https:\/\/alst.org\/fr\/actualites\/evenements\/region-de-munster-rhenanie-westphalie-allemagne\/","title":{"rendered":"R\u00e9gion de M\u00fcnster- Rh\u00e9nanie\/Westphalie &#8211; Allemagne"},"content":{"rendered":"\n<h3 class=\"wp-block-heading\">Exposition :<br>\u00ab&nbsp;<strong>Erinnern f\u00fcr die Zukunft \u2013 70 Jahre danach<\/strong>&nbsp;\u00bb.<br>\u00ab Se souvenir, en vue de l&rsquo;avenir \u2013 70 ans plus tard \u00bb<\/h3>\n\n\n\n<p>\u00ab&nbsp;Se souvenir, en vue de l&rsquo;avenir \u2013 70 ans plus tard&nbsp;\u00bb : tel est le th\u00e8me d&rsquo;une s\u00e9rie de manifestations (auxquelles fut convi\u00e9e la fondatrice de la ALST, Simone Liebster) qui se d\u00e9roulent sur plusieurs jours dans la r\u00e9gion de M\u00fcnster \u2013 Rh\u00e9nanie-Westphalie, Allemagne \u2013 pour annoncer une&nbsp;<a href=\"https:\/\/alst.org\/fr\/categorie\/actualites\/evenements\/\" target=\"_blank\" data-type=\"URL\" data-id=\"https:\/\/alst.org\/fr\/category\/actualites\/evenements\/\" rel=\"noreferrer noopener\">exposition<\/a>&nbsp;du m\u00eame nom relatant la pers\u00e9cution des T\u00e9moins de J\u00e9hovah sous le r\u00e9gime nazi.<\/p>\n\n\n\n<p>Les activit\u00e9s&nbsp;ont d\u00e9but\u00e9 le 31 ao\u00fbt 2009 par une&nbsp;conf\u00e9rence de presse au ch\u00e2teau de L\u00fcdinghausen, en pr\u00e9sence de nombreuses personnalit\u00e9s.<\/p>\n\n\n\n<figure class=\"wp-block-image aligncenter size-full\"><img fetchpriority=\"high\" decoding=\"async\" width=\"300\" height=\"202\" src=\"https:\/\/alst.org\/wp-content\/uploads\/2022\/03\/Erinnern1small.jpeg\" alt=\"\u00c0 l\u2019avant : Simone Liebster. Derri\u00e8re, de gauche \u00e0 droite:\nPeter Zellin,\u00a0 Professeur Dr. Alfons Kenkmann,\u00a0 Professeur Dr. Ansgar Scheipers, Dr. Markus K\u00f6ster,\u00a0 Dr. Hans Wupper-Tewes,\u00a0 Alfred Holz (maire de Senden),\u00a0 Liane Schmitz (archiviste \u00e0 L\u00fcdinghausen) et Thomas Malessa, organisateur\" class=\"wp-image-1987\"\/><figcaption>\u00c0 l\u2019avant : Simone Liebster. Derri\u00e8re, de gauche \u00e0 droite:<br>Peter Zellin,\u00a0 Professeur Dr. Alfons Kenkmann,\u00a0 Professeur Dr. Ansgar Scheipers, Dr. Markus K\u00f6ster,\u00a0 Dr. Hans Wupper-Tewes,\u00a0 Alfred Holz (maire de Senden),\u00a0 Liane Schmitz (archiviste \u00e0 L\u00fcdinghausen) et Thomas Malessa, organisateur<\/figcaption><\/figure>\n\n\n\n<p>Le 2 septembre, Simone Liebster a \u00e9t\u00e9 re\u00e7ue par Madame le Maire Karin Reismann lors d\u2019une r\u00e9ception \u00e0 l\u2019H\u00f4tel de Ville de M\u00fcnster, dans la salle historique de la Paix (lieu o\u00f9 fut conclu en 1648 le trait\u00e9 de Westphalie) o\u00f9 elle signa le livre d\u2019or de la ville.<\/p>\n\n\n\n<figure class=\"wp-block-image aligncenter size-full\"><img decoding=\"async\" width=\"300\" height=\"225\" src=\"https:\/\/alst.org\/wp-content\/uploads\/2022\/03\/Erinnern2small.jpeg\" alt=\"Simone Liebster avec Karin Reismann, Maire de M\u00fcnster, qui tient dans ses mains l\u2019autobiographie de Simone, Seule face au Lion.\" class=\"wp-image-2578\"\/><figcaption>Simone Liebster avec Karin Reismann, Maire de M\u00fcnster, qui tient dans ses mains l\u2019autobiographie de Simone,\u00a0<em>Seule face au Lion.<\/em><\/figcaption><\/figure>\n\n\n\n<p><\/p>\n\n\n\n<figure class=\"wp-block-image aligncenter size-full\"><img decoding=\"async\" width=\"300\" height=\"225\" src=\"https:\/\/alst.org\/wp-content\/uploads\/2022\/03\/Erinnern3small.jpeg\" alt=\"Simone Liebster signe le livre d\u2019or de la Ville de M\u00fcnster en pr\u00e9sence de Karin Reismann et du Professeur Feliks Tysch.\" class=\"wp-image-2586\"\/><figcaption>Simone Liebster signe le livre d\u2019or de la Ville de M\u00fcnster en pr\u00e9sence de Karin Reismann et du Professeur Feliks Tysch.<\/figcaption><\/figure>\n\n\n\n<p>Le 5 septembre, Simone s\u2019est rendue \u00e0 la tristement c\u00e9l\u00e8bre Villa ten Hompel de M\u00fcnster, surnomm\u00e9e la \u201evilla de la bureaucratie du crime\u201c, o\u00f9 furent \u00e9labor\u00e9es, entre autres, les mesures de d\u00e9portation et d\u2019extermination des Juifs, des Sinti et des Roma.<\/p>\n\n\n\n<figure class=\"wp-block-image aligncenter size-full\"><img loading=\"lazy\" decoding=\"async\" width=\"300\" height=\"225\" src=\"https:\/\/alst.org\/wp-content\/uploads\/2022\/03\/Erinnern4small.jpeg\" alt=\"Simone Liebster et Thomas Malessa devant la Villa ten Hompel.\" class=\"wp-image-2592\"\/><figcaption>Simone Liebster et Thomas Malessa devant la Villa ten Hompel.<\/figcaption><\/figure>\n","protected":false},"excerpt":{"rendered":"<p>Exposition :\u00ab&nbsp;Erinnern f\u00fcr die Zukunft \u2013 70 Jahre danach&nbsp;\u00bb.\u00ab Se souvenir, en vue de l&rsquo;avenir \u2013 70 ans plus tard \u00bb \u00ab&nbsp;Se souvenir, en vue de l&rsquo;avenir \u2013 70 ans plus tard&nbsp;\u00bb : tel est le th\u00e8me d&rsquo;une s\u00e9rie de manifestations (auxquelles fut convi\u00e9e la fondatrice de la ALST, Simone Liebster) qui se d\u00e9roulent sur [&hellip;]<\/p>\n","protected":false},"author":1,"featured_media":2586,"comment_status":"closed","ping_status":"closed","sticky":false,"template":"","format":"standard","meta":{"inline_featured_image":false,"footnotes":""},"categories":[120,183],"tags":[],"class_list":["post-5375","post","type-post","status-publish","format-standard","has-post-thumbnail","hentry","category-evenements","category-expositions"],"_links":{"self":[{"href":"https:\/\/alst.org\/fr\/wp-json\/wp\/v2\/posts\/5375","targetHints":{"allow":["GET"]}}],"collection":[{"href":"https:\/\/alst.org\/fr\/wp-json\/wp\/v2\/posts"}],"about":[{"href":"https:\/\/alst.org\/fr\/wp-json\/wp\/v2\/types\/post"}],"author":[{"embeddable":true,"href":"https:\/\/alst.org\/fr\/wp-json\/wp\/v2\/users\/1"}],"replies":[{"embeddable":true,"href":"https:\/\/alst.org\/fr\/wp-json\/wp\/v2\/comments?post=5375"}],"version-history":[{"count":8,"href":"https:\/\/alst.org\/fr\/wp-json\/wp\/v2\/posts\/5375\/revisions"}],"predecessor-version":[{"id":13354,"href":"https:\/\/alst.org\/fr\/wp-json\/wp\/v2\/posts\/5375\/revisions\/13354"}],"wp:featuredmedia":[{"embeddable":true,"href":"https:\/\/alst.org\/fr\/wp-json\/wp\/v2\/media\/2586"}],"wp:attachment":[{"href":"https:\/\/alst.org\/fr\/wp-json\/wp\/v2\/media?parent=5375"}],"wp:term":[{"taxonomy":"category","embeddable":true,"href":"https:\/\/alst.org\/fr\/wp-json\/wp\/v2\/categories?post=5375"},{"taxonomy":"post_tag","embeddable":true,"href":"https:\/\/alst.org\/fr\/wp-json\/wp\/v2\/tags?post=5375"}],"curies":[{"name":"wp","href":"https:\/\/api.w.org\/{rel}","templated":true}]}}