{"id":5371,"date":"2022-03-02T13:47:46","date_gmt":"2022-03-02T13:47:46","guid":{"rendered":"https:\/\/alst.org\/?p=5371"},"modified":"2024-03-12T06:31:04","modified_gmt":"2024-03-12T06:31:04","slug":"temoignages-de-georg-et-hanna-schmidt","status":"publish","type":"post","link":"https:\/\/alst.org\/fr\/education-fr\/biographies-fr\/temoignages-de-georg-et-hanna-schmidt\/","title":{"rendered":"T\u00e9moignages de Georg et Hanna Schmidt"},"content":{"rendered":"\n<figure class=\"wp-block-image alignleft size-full\"><img fetchpriority=\"high\" decoding=\"async\" width=\"280\" height=\"369\" src=\"https:\/\/alst.org\/wp-content\/uploads\/2022\/03\/hermann-georg-hanna.jpeg\" alt=\"Georg und Hanna Schmidt\" class=\"wp-image-1905\" srcset=\"https:\/\/alst.org\/wp-content\/uploads\/2022\/03\/hermann-georg-hanna.jpeg 280w, https:\/\/alst.org\/wp-content\/uploads\/2022\/03\/hermann-georg-hanna-178x234.jpeg 178w, https:\/\/alst.org\/wp-content\/uploads\/2022\/03\/hermann-georg-hanna-228x300.jpeg 228w\" sizes=\"(max-width: 280px) 100vw, 280px\" \/><\/figure>\n\n\n\n<p>Georg, fils de Hermann et de Frieda Schmidt, naquit le 2 janvier 1925 \u00e0 Schreibendorf, pr\u00e8s de Brieg, en Sil\u00e9sie. Sa s\u0153ur, Hanna, vit le jour le 12 d\u00e9cembre 1926. Ils connurent une enfance heureuse jusqu\u2019en 1935. Ils prenaient grand plaisir \u00e0 l\u2019entreprise familiale de mara\u00eechage o\u00f9 leurs parents les autorisaient \u00e0 effectuer de petites t\u00e2ches. Mais ces belles ann\u00e9es sans soucis connurent une fin abrupte. Peu de temps apr\u00e8s la prise de pouvoir des Nazis, leurs camarades d\u2019\u00e9cole commenc\u00e8rent \u00e0 se moquer d\u2019eux en scandant: \u00ab&nbsp;<em>Bibelforscher, Bibelforscher<\/em>&nbsp;\u00bb (\u00ab&nbsp;<em>Etudiants de la bible,<\/em>nom pour les T\u00e9moins de J\u00e9hovah \u2013 NdT). Et quand leur p\u00e8re fut incarc\u00e9r\u00e9 pour motif religieux \u00e0 \u00d6ls, les moqueurs ajout\u00e8rent \u00e0 leur rengaine&nbsp;: \u00ab&nbsp;Ton p\u00e8re est un gibier de prison&nbsp;!&nbsp;\u00bb La pression se fit d\u2019autant plus forte que les instituteurs de leur \u00e9tablissement \u00e9taient tous membres du parti nazi. L\u2019emploi du \u00ab&nbsp;Heil Hitler&nbsp;\u00bb devint la norme. Quiconque \u2013 \u00e0 l\u2019instar de Georg et Hanna \u2013 refusait de saluer de cette fa\u00e7on \u00e9tait consid\u00e9r\u00e9 comme un \u00ab&nbsp;ennemi de l\u2019Etat&nbsp;\u00bb. \u00c0 l\u2019\u00e9cole, qui comptait une centaine d\u2019\u00e9l\u00e8ves, les enseignants tentaient de faire plier les enfants Schmidt au moyen d\u2019humiliations et de coups.<\/p>\n\n\n\n<p>Le 4 avril 1938, alors que son p\u00e8re venait d\u2019\u00eatre rel\u00e2ch\u00e9 pour une courte p\u00e9riode, le jeune Georg vit son souhait d\u2019\u00eatre baptis\u00e9 exauc\u00e9. Peu de temps apr\u00e8s, une voiture s\u2019arr\u00eata devant la jardinerie. Deux hommes de la Gestapo sortirent du v\u00e9hicule. Ils apportaient une injonction du tribunal stipulant que les parents \u00e9taient d\u00e9chus de l\u2019autorit\u00e9 parentale et que les enfants devaient \u00eatre confi\u00e9s \u00e0 des familles d\u2019accueil. La s\u00e9paration fut dramatique. On ordonna \u00e0 leur m\u00e8re, Frieda, de rassembler rapidement quelques affaires dans une valise, et les enfants furent arrach\u00e9s sur le champ \u00e0 leur maman. Personne ne fut inform\u00e9 de leur destination. Le train emmena les enfants jusqu\u2019\u00e0 Breslau o\u00f9 ils furent s\u00e9par\u00e9s.<\/p>\n\n\n\n<p>&nbsp;Hanna fut remise \u00e0 une famille qui tenait une \u00e9picerie \u00e0 Obsendorf, dans le district de Neumarkt, en Sil\u00e9sie. L\u00e0, la fillette de 11 ans devait trimer de l\u2019aube au coucher du soleil. Sa scolarit\u00e9 \u00e9tait tenue pour accessoire. Tout lien avec sa famille fut rompu. Les lettres ne lui \u00e9taient pas remises.<\/p>\n\n\n\n<p>Georg, lui, se retrouva chez un paysan \u00e0 Eichensee, dans le district de Militch, \u00e9galement en Sil\u00e9sie. Le matin, avant d\u2019entreprendre \u00e0 pied le trajet de trois quarts d\u2019heure qui le menait \u00e0 l\u2019\u00e9cole, il devait nourrir les quarante cochons de la ferme. Le soir aussi, \u00e0 son retour, les quarante cochons attendaient leur pitance!&nbsp; L\u2019instituteur avait \u00e9t\u00e9 d\u00e9sign\u00e9 comme tuteur par le tribunal pour enfants. \u00c0 l\u2019\u00e9cole comme \u00e0 la ferme, ce n\u2019\u00e9tait que harc\u00e8lement, racl\u00e9es et humiliations.<\/p>\n\n\n\n<p>Une centaine de kilom\u00e8tres s\u00e9paraient les deux enfants qui n\u2019avaient aucun contact entre eux ni avec leur famille. Ils ne savaient quasiment rien de ce qui arrivait aux leurs. Une seule fois, on les autorisa \u00e0 lire une lettre de trois lignes que leur m\u00e8re leur avait envoy\u00e9e de prison. Mais ils ne re\u00e7urent jamais de courrier des camps de concentration o\u00f9 leur p\u00e8re puis leur m\u00e8re furent incarc\u00e9r\u00e9s.<\/p>\n\n\n\n<p>La scolarit\u00e9 termin\u00e9e, Georg voulut suivre une formation sp\u00e9cialis\u00e9e en horticulture. Mais le tribunal pour enfants lui fit savoir que, tant qu\u2019il camperait sur ses positions, ses souhaits ne seraient pas pris en compte. Il devint donc simple jardinier. Pendant son apprentissage, il devait se pr\u00e9senter toutes les quatre semaines au&nbsp;<em>Jugendamt<\/em>&nbsp;o\u00f9 l\u2019on v\u00e9rifiait si son attitude vis-\u00e0-vis du r\u00e9gime n\u2019avait pas chang\u00e9.<\/p>\n\n\n\n<p>La r\u00e9sistance morale des enfants Schmidt au nazisme n\u2019a jamais vari\u00e9. Ils ont toujours su garder, ancr\u00e9e solidement au plus profond de leur c\u0153ur, la volont\u00e9 de vivre en chr\u00e9tiens authentiques.<\/p>\n\n\n\n<p>Voir aussi :&nbsp;<a href=\"https:\/\/alst.org\/fr\/education-fr\/biographies-fr\/temoignages-hermann-et-frieda-schmidt\/\" data-type=\"post\" data-id=\"5373\">Hermann et Frieda Schmidt<\/a>&nbsp;(leurs parents)<\/p>\n","protected":false},"excerpt":{"rendered":"<p>Georg, fils de Hermann et de Frieda Schmidt, naquit le 2 janvier 1925 \u00e0 Schreibendorf, pr\u00e8s de Brieg, en Sil\u00e9sie. Sa s\u0153ur, Hanna, vit le jour le 12 d\u00e9cembre 1926. Ils connurent une enfance heureuse jusqu\u2019en 1935. Ils prenaient grand plaisir \u00e0 l\u2019entreprise familiale de mara\u00eechage o\u00f9 leurs parents les autorisaient \u00e0 effectuer de petites [&hellip;]<\/p>\n","protected":false},"author":1,"featured_media":1905,"comment_status":"closed","ping_status":"closed","sticky":false,"template":"","format":"standard","meta":{"inline_featured_image":false,"footnotes":""},"categories":[184,198,195],"tags":[],"class_list":["post-5371","post","type-post","status-publish","format-standard","has-post-thumbnail","hentry","category-biographies-fr","category-biographies-fr-2","category-persecution-des-enfants-et-des-adolescents"],"_links":{"self":[{"href":"https:\/\/alst.org\/fr\/wp-json\/wp\/v2\/posts\/5371","targetHints":{"allow":["GET"]}}],"collection":[{"href":"https:\/\/alst.org\/fr\/wp-json\/wp\/v2\/posts"}],"about":[{"href":"https:\/\/alst.org\/fr\/wp-json\/wp\/v2\/types\/post"}],"author":[{"embeddable":true,"href":"https:\/\/alst.org\/fr\/wp-json\/wp\/v2\/users\/1"}],"replies":[{"embeddable":true,"href":"https:\/\/alst.org\/fr\/wp-json\/wp\/v2\/comments?post=5371"}],"version-history":[{"count":5,"href":"https:\/\/alst.org\/fr\/wp-json\/wp\/v2\/posts\/5371\/revisions"}],"predecessor-version":[{"id":11634,"href":"https:\/\/alst.org\/fr\/wp-json\/wp\/v2\/posts\/5371\/revisions\/11634"}],"wp:featuredmedia":[{"embeddable":true,"href":"https:\/\/alst.org\/fr\/wp-json\/wp\/v2\/media\/1905"}],"wp:attachment":[{"href":"https:\/\/alst.org\/fr\/wp-json\/wp\/v2\/media?parent=5371"}],"wp:term":[{"taxonomy":"category","embeddable":true,"href":"https:\/\/alst.org\/fr\/wp-json\/wp\/v2\/categories?post=5371"},{"taxonomy":"post_tag","embeddable":true,"href":"https:\/\/alst.org\/fr\/wp-json\/wp\/v2\/tags?post=5371"}],"curies":[{"name":"wp","href":"https:\/\/api.w.org\/{rel}","templated":true}]}}