{"id":5360,"date":"2022-03-02T16:00:51","date_gmt":"2022-03-02T16:00:51","guid":{"rendered":"https:\/\/alst.org\/?p=5360"},"modified":"2024-03-12T06:31:03","modified_gmt":"2024-03-12T06:31:03","slug":"musee-de-lholocauste-de-floridest-petersburg-usa","status":"publish","type":"post","link":"https:\/\/alst.org\/fr\/actualites\/evenements\/musee-de-lholocauste-de-floridest-petersburg-usa\/","title":{"rendered":"Mus\u00e9e de l\u2019Holocauste de Floride St Petersburg \u2013 USA"},"content":{"rendered":"\n<h3 class=\"wp-block-heading\">L\u2019exposition itin\u00e9rante \u00ab\u00a0<em>La foi sous le feu de l\u2019\u00e9preuve<\/em>\u00ab\u00a0, cr\u00e9\u00e9e par la fondation Arnold-Liebster, fut pr\u00e9sent\u00e9e pour la premi\u00e8re fois le 14 janvier 2006 au Florida Holocaust Museum<\/h3>\n\n\n\n<figure class=\"wp-block-image aligncenter size-full\"><img fetchpriority=\"high\" decoding=\"async\" width=\"500\" height=\"375\" src=\"https:\/\/alst.org\/wp-content\/uploads\/2022\/03\/foi-sous-le-feu-de-epreuve-expo2-1.jpeg\" alt=\"12 panneaux de l'exposition itin\u00e9rante &quot;La foi sous le feu de l\u2019\u00e9preuve&quot;\" class=\"wp-image-2609\" title=\"Exposition : La foi sous le feu de l\u2019\u00e9preuve\" srcset=\"https:\/\/alst.org\/wp-content\/uploads\/2022\/03\/foi-sous-le-feu-de-epreuve-expo2-1.jpeg 500w, https:\/\/alst.org\/wp-content\/uploads\/2022\/03\/foi-sous-le-feu-de-epreuve-expo2-1-312x234.jpeg 312w, https:\/\/alst.org\/wp-content\/uploads\/2022\/03\/foi-sous-le-feu-de-epreuve-expo2-1-300x225.jpeg 300w\" sizes=\"(max-width: 500px) 100vw, 500px\" \/><figcaption>12 panneaux de l&rsquo;exposition itin\u00e9rante \u00ab\u00a0<em>La foi sous le feu de l\u2019\u00e9preuve<\/em>\u00ab\u00a0<\/figcaption><\/figure>\n\n\n\n<p>L\u2019exposition comprend 12 panneaux qui relatent les pers\u00e9cutions inflig\u00e9es aux T\u00e9moins de J\u00e9hovah aux jours sombres du nazisme et \u00e9gr\u00e8nent les vies courageuses de ces r\u00e9sistants non-violents. Harcel\u00e9s, menac\u00e9s de mort, souvent enferm\u00e9s en camps de concentration (ou en maison de redressement pour les plus jeunes), ces&nbsp;<em>\u00ab&nbsp;Etudiants de la Bible&nbsp;\u00bb<\/em>&nbsp;(comme on appelait alors les T\u00e9moins de J\u00e9hovah) r\u00e9ussirent pourtant \u00e0 rester fid\u00e8les \u00e0 leurs convictions.<\/p>\n\n\n\n<figure class=\"wp-block-image aligncenter size-full\"><img decoding=\"async\" width=\"500\" height=\"375\" src=\"https:\/\/alst.org\/wp-content\/uploads\/2022\/03\/foi-sous-le-feu-de-epreuve-expo1-1.jpeg\" alt=\"Reproduction du magazine &quot;Trost&quot;, v\u00eatements de prisonniers de camps de concentration, plaques d'immatriculation, exposition itin\u00e9rante &quot;La foi sous le feu de l\u2019\u00e9preuve&quot;\" class=\"wp-image-2617\" title=\"Exposition : La foi sous le feu de l\u2019\u00e9preuve\" srcset=\"https:\/\/alst.org\/wp-content\/uploads\/2022\/03\/foi-sous-le-feu-de-epreuve-expo1-1.jpeg 500w, https:\/\/alst.org\/wp-content\/uploads\/2022\/03\/foi-sous-le-feu-de-epreuve-expo1-1-312x234.jpeg 312w, https:\/\/alst.org\/wp-content\/uploads\/2022\/03\/foi-sous-le-feu-de-epreuve-expo1-1-300x225.jpeg 300w\" sizes=\"(max-width: 500px) 100vw, 500px\" \/><figcaption>Reproduction du magazine \u00ab\u00a0Trost\u00a0\u00bb, v\u00eatements de prisonniers de camps de concentration, plaques d&rsquo;immatriculation, exposition itin\u00e9rante \u00ab\u00a0<em>La foi sous le feu de l\u2019\u00e9preuve<\/em>\u00ab\u00a0<\/figcaption><\/figure>\n\n\n\n<p>\u00c0 la veille de la seconde guerre mondiale, la communaut\u00e9 des T\u00e9moins de J\u00e9hovah comptait environ 35&nbsp;000 membres en Allemagne et dans les pays annex\u00e9s. Ils furent pers\u00e9cut\u00e9s, emprisonn\u00e9s ou d\u00e9port\u00e9s en camps de concentration notamment pour leur refus de saluer par&nbsp;<em>\u00ab&nbsp;Heil Hitler&nbsp;\u00bb<\/em>, de participer \u00e0 des manifestations nazies ou de prendre part \u00e0 la guerre. C\u2019\u00e9tait le seul groupe religieux auquel les Nazis avaient attribu\u00e9 un signe distinctif, un triangle violet, que les d\u00e9tenus devaient porter cousu sur leur uniforme ray\u00e9.<\/p>\n\n\n\n<p>D\u00e8s les ann\u00e9es 1930, les publications des T\u00e9moins de J\u00e9hovah d\u00e9nonc\u00e8rent l\u2019existence des camps de concentration et les conditions qui y r\u00e9gnaient. Ainsi,&nbsp;d\u00e8s 1937, un num\u00e9ro du p\u00e9riodique Consolation (<em>Trost<\/em>&nbsp;en allemand) fit \u00e9tat d\u2019exp\u00e9riences r\u00e9alis\u00e9es avec du gaz toxique au camp de Dachau. L&rsquo;ann\u00e9e suivante, un autre num\u00e9ro de&nbsp;<em>Trost<\/em>&nbsp;fit sa couverture avec le titre&nbsp;<em>\u00ab Schrei aus dem Konzentrationslager&nbsp;\u00bb<\/em>&nbsp;(<em>\u00ab&nbsp;Cri provenant du camp de concentration&nbsp;\u00bb<\/em>) avec l\u2019image d\u2019un d\u00e9tenu&nbsp;appelant&nbsp;derri\u00e8re&nbsp;des barbel\u00e9s (<em>Trost<\/em>&nbsp;du 15\/02\/1938, imprim\u00e9 \u00e0 Berne. La reproduction agrandie de sa page de couverture figure sur la photo ci-dessus, \u00e0 gauche).<\/p>\n","protected":false},"excerpt":{"rendered":"<p>L\u2019exposition itin\u00e9rante \u00ab\u00a0La foi sous le feu de l\u2019\u00e9preuve\u00ab\u00a0, cr\u00e9\u00e9e par la fondation Arnold-Liebster, fut pr\u00e9sent\u00e9e pour la premi\u00e8re fois le 14 janvier 2006 au Florida Holocaust Museum L\u2019exposition comprend 12 panneaux qui relatent les pers\u00e9cutions inflig\u00e9es aux T\u00e9moins de J\u00e9hovah aux jours sombres du nazisme et \u00e9gr\u00e8nent les vies courageuses de ces r\u00e9sistants non-violents. [&hellip;]<\/p>\n","protected":false},"author":1,"featured_media":2617,"comment_status":"closed","ping_status":"closed","sticky":false,"template":"","format":"standard","meta":{"inline_featured_image":false,"footnotes":""},"categories":[120,183],"tags":[],"class_list":["post-5360","post","type-post","status-publish","format-standard","has-post-thumbnail","hentry","category-evenements","category-expositions"],"_links":{"self":[{"href":"https:\/\/alst.org\/fr\/wp-json\/wp\/v2\/posts\/5360","targetHints":{"allow":["GET"]}}],"collection":[{"href":"https:\/\/alst.org\/fr\/wp-json\/wp\/v2\/posts"}],"about":[{"href":"https:\/\/alst.org\/fr\/wp-json\/wp\/v2\/types\/post"}],"author":[{"embeddable":true,"href":"https:\/\/alst.org\/fr\/wp-json\/wp\/v2\/users\/1"}],"replies":[{"embeddable":true,"href":"https:\/\/alst.org\/fr\/wp-json\/wp\/v2\/comments?post=5360"}],"version-history":[{"count":3,"href":"https:\/\/alst.org\/fr\/wp-json\/wp\/v2\/posts\/5360\/revisions"}],"predecessor-version":[{"id":9207,"href":"https:\/\/alst.org\/fr\/wp-json\/wp\/v2\/posts\/5360\/revisions\/9207"}],"wp:featuredmedia":[{"embeddable":true,"href":"https:\/\/alst.org\/fr\/wp-json\/wp\/v2\/media\/2617"}],"wp:attachment":[{"href":"https:\/\/alst.org\/fr\/wp-json\/wp\/v2\/media?parent=5360"}],"wp:term":[{"taxonomy":"category","embeddable":true,"href":"https:\/\/alst.org\/fr\/wp-json\/wp\/v2\/categories?post=5360"},{"taxonomy":"post_tag","embeddable":true,"href":"https:\/\/alst.org\/fr\/wp-json\/wp\/v2\/tags?post=5360"}],"curies":[{"name":"wp","href":"https:\/\/api.w.org\/{rel}","templated":true}]}}