{"id":5324,"date":"2002-05-09T06:12:00","date_gmt":"2002-05-09T06:12:00","guid":{"rendered":"https:\/\/alst.org\/?p=5324"},"modified":"2024-03-12T06:31:06","modified_gmt":"2024-03-12T06:31:06","slug":"inauguration-dune-plaque-au-memorial-de-buchenwald","status":"publish","type":"post","link":"https:\/\/alst.org\/fr\/histoire\/biographies-fr-2\/inauguration-dune-plaque-au-memorial-de-buchenwald\/","title":{"rendered":"Inauguration d&rsquo;une plaque au m\u00e9morial de Buchenwald"},"content":{"rendered":"\n<p>L&rsquo;ancien d\u00e9tenu Max Liebster avec le matricule qui lui avait \u00e9t\u00e9 tatou\u00e9 sur le bras gauche \u00e0 Auschwitz, le camp o\u00f9 il avait \u00e9t\u00e9 intern\u00e9 auparavant :<\/p>\n\n\n\n<figure class=\"wp-block-image aligncenter size-full\"><img fetchpriority=\"high\" decoding=\"async\" width=\"375\" height=\"500\" src=\"https:\/\/alst.org\/wp-content\/uploads\/2022\/03\/buchenwald-max1.jpeg\" alt=\"Max Liebster \u00e0 Buchenwald - Tatouage du num\u00e9ro de prisonnier sur l'avant-bras\" class=\"wp-image-2174\" srcset=\"https:\/\/alst.org\/wp-content\/uploads\/2022\/03\/buchenwald-max1.jpeg 375w, https:\/\/alst.org\/wp-content\/uploads\/2022\/03\/buchenwald-max1-176x234.jpeg 176w, https:\/\/alst.org\/wp-content\/uploads\/2022\/03\/buchenwald-max1-225x300.jpeg 225w\" sizes=\"(max-width: 375px) 100vw, 375px\" \/><figcaption>Max Liebster \u00e0 Buchenwald &#8211; Tatouage du num\u00e9ro de prisonnier sur l&rsquo;avant-bras<\/figcaption><\/figure>\n\n\n\n<figure class=\"wp-block-image aligncenter size-full\"><img decoding=\"async\" width=\"500\" height=\"375\" src=\"https:\/\/alst.org\/wp-content\/uploads\/2022\/03\/buchenwald-max2.jpeg\" alt=\"Max Liebster Porte de Buchenwald\" class=\"wp-image-2180\" srcset=\"https:\/\/alst.org\/wp-content\/uploads\/2022\/03\/buchenwald-max2.jpeg 500w, https:\/\/alst.org\/wp-content\/uploads\/2022\/03\/buchenwald-max2-300x225.jpeg 300w\" sizes=\"(max-width: 500px) 100vw, 500px\" \/><figcaption>Max Liebster Porte de Buchenwald<\/figcaption><\/figure>\n","protected":false},"excerpt":{"rendered":"<p>L&rsquo;ancien d\u00e9tenu Max Liebster avec le matricule qui lui avait \u00e9t\u00e9 tatou\u00e9 sur le bras gauche \u00e0 Auschwitz, le camp o\u00f9 il avait \u00e9t\u00e9 intern\u00e9 auparavant :<\/p>\n","protected":false},"author":1,"featured_media":2174,"comment_status":"closed","ping_status":"closed","sticky":false,"template":"","format":"standard","meta":{"inline_featured_image":false,"footnotes":""},"categories":[198],"tags":[],"class_list":["post-5324","post","type-post","status-publish","format-standard","has-post-thumbnail","hentry","category-biographies-fr-2"],"_links":{"self":[{"href":"https:\/\/alst.org\/fr\/wp-json\/wp\/v2\/posts\/5324","targetHints":{"allow":["GET"]}}],"collection":[{"href":"https:\/\/alst.org\/fr\/wp-json\/wp\/v2\/posts"}],"about":[{"href":"https:\/\/alst.org\/fr\/wp-json\/wp\/v2\/types\/post"}],"author":[{"embeddable":true,"href":"https:\/\/alst.org\/fr\/wp-json\/wp\/v2\/users\/1"}],"replies":[{"embeddable":true,"href":"https:\/\/alst.org\/fr\/wp-json\/wp\/v2\/comments?post=5324"}],"version-history":[{"count":2,"href":"https:\/\/alst.org\/fr\/wp-json\/wp\/v2\/posts\/5324\/revisions"}],"predecessor-version":[{"id":9217,"href":"https:\/\/alst.org\/fr\/wp-json\/wp\/v2\/posts\/5324\/revisions\/9217"}],"wp:featuredmedia":[{"embeddable":true,"href":"https:\/\/alst.org\/fr\/wp-json\/wp\/v2\/media\/2174"}],"wp:attachment":[{"href":"https:\/\/alst.org\/fr\/wp-json\/wp\/v2\/media?parent=5324"}],"wp:term":[{"taxonomy":"category","embeddable":true,"href":"https:\/\/alst.org\/fr\/wp-json\/wp\/v2\/categories?post=5324"},{"taxonomy":"post_tag","embeddable":true,"href":"https:\/\/alst.org\/fr\/wp-json\/wp\/v2\/tags?post=5324"}],"curies":[{"name":"wp","href":"https:\/\/api.w.org\/{rel}","templated":true}]}}