{"id":5284,"date":"2022-03-01T14:11:14","date_gmt":"2022-03-01T14:11:14","guid":{"rendered":"https:\/\/alst.org\/?p=5284"},"modified":"2024-03-12T06:31:05","modified_gmt":"2024-03-12T06:31:05","slug":"des-rescapes-repondent-aux-questions-deleves-max-liebster-question-3","status":"publish","type":"post","link":"https:\/\/alst.org\/fr\/education-fr\/interview-de-temoins-de-lhistoire\/des-rescapes-repondent-aux-questions-deleves-max-liebster-question-3\/","title":{"rendered":"Des rescap\u00e9s r\u00e9pondent aux questions d\u2019\u00e9l\u00e8ves: Max Liebster (Question 3)"},"content":{"rendered":"\n<h3 class=\"wp-block-heading\">Les conditions ont-elles chang\u00e9 avec le temps ?<\/h3>\n\n\n\n<figure class=\"wp-block-image alignleft size-full\"><img fetchpriority=\"high\" decoding=\"async\" width=\"200\" height=\"294\" src=\"https:\/\/alst.org\/wp-content\/uploads\/2022\/03\/Max-Liebster-Question-young.jpeg\" alt=\"Foto des jungen Max Liebster\" class=\"wp-image-1564\" srcset=\"https:\/\/alst.org\/wp-content\/uploads\/2022\/03\/Max-Liebster-Question-young.jpeg 200w, https:\/\/alst.org\/wp-content\/uploads\/2022\/03\/Max-Liebster-Question-young-159x234.jpeg 159w\" sizes=\"(max-width: 200px) 100vw, 200px\" \/><\/figure>\n\n\n\n<p>Les conditions de vie n\u2019ont fait qu\u2019empirer avec la progression de la guerre. L\u2019afflux de prisonniers venus de toute l\u2019Europe a engorg\u00e9 les camps. Les d\u00e9tenus qui n\u2019\u00e9taient pas juifs et qui parlaient allemand, et qui \u00e9taient au camp depuis longtemps, \u00e9taient nomm\u00e9s chefs d\u2019\u00e9quipe. Certains T\u00e9moins de J\u00e9hovah avaient \u00e9t\u00e9 intern\u00e9s d\u00e9j\u00e0 avant la guerre. Comme les dirigeants du camp avaient remarqu\u00e9 qu\u2019ils \u00e9taient honn\u00eates et non-violents, ils les affectaient \u00e0 des postes-cl\u00e9s, par exemple barbiers, \u00e9lectriciens ou domestiques des SS.<\/p>\n","protected":false},"excerpt":{"rendered":"<p>Les conditions ont-elles chang\u00e9 avec le temps ? Les conditions de vie n\u2019ont fait qu\u2019empirer avec la progression de la guerre. L\u2019afflux de prisonniers venus de toute l\u2019Europe a engorg\u00e9 les camps. Les d\u00e9tenus qui n\u2019\u00e9taient pas juifs et qui parlaient allemand, et qui \u00e9taient au camp depuis longtemps, \u00e9taient nomm\u00e9s chefs d\u2019\u00e9quipe. Certains T\u00e9moins [&hellip;]<\/p>\n","protected":false},"author":1,"featured_media":1564,"comment_status":"closed","ping_status":"closed","sticky":false,"template":"","format":"standard","meta":{"inline_featured_image":false,"footnotes":""},"categories":[189,203],"tags":[],"class_list":["post-5284","post","type-post","status-publish","format-standard","has-post-thumbnail","hentry","category-interview-de-temoins-de-lhistoire","category-interview-de-temoins-de-lhistoire-fr"],"_links":{"self":[{"href":"https:\/\/alst.org\/fr\/wp-json\/wp\/v2\/posts\/5284","targetHints":{"allow":["GET"]}}],"collection":[{"href":"https:\/\/alst.org\/fr\/wp-json\/wp\/v2\/posts"}],"about":[{"href":"https:\/\/alst.org\/fr\/wp-json\/wp\/v2\/types\/post"}],"author":[{"embeddable":true,"href":"https:\/\/alst.org\/fr\/wp-json\/wp\/v2\/users\/1"}],"replies":[{"embeddable":true,"href":"https:\/\/alst.org\/fr\/wp-json\/wp\/v2\/comments?post=5284"}],"version-history":[{"count":2,"href":"https:\/\/alst.org\/fr\/wp-json\/wp\/v2\/posts\/5284\/revisions"}],"predecessor-version":[{"id":5309,"href":"https:\/\/alst.org\/fr\/wp-json\/wp\/v2\/posts\/5284\/revisions\/5309"}],"wp:featuredmedia":[{"embeddable":true,"href":"https:\/\/alst.org\/fr\/wp-json\/wp\/v2\/media\/1564"}],"wp:attachment":[{"href":"https:\/\/alst.org\/fr\/wp-json\/wp\/v2\/media?parent=5284"}],"wp:term":[{"taxonomy":"category","embeddable":true,"href":"https:\/\/alst.org\/fr\/wp-json\/wp\/v2\/categories?post=5284"},{"taxonomy":"post_tag","embeddable":true,"href":"https:\/\/alst.org\/fr\/wp-json\/wp\/v2\/tags?post=5284"}],"curies":[{"name":"wp","href":"https:\/\/api.w.org\/{rel}","templated":true}]}}