{"id":5273,"date":"2022-03-01T13:47:44","date_gmt":"2022-03-01T13:47:44","guid":{"rendered":"https:\/\/alst.org\/?p=5273"},"modified":"2024-03-12T06:31:05","modified_gmt":"2024-03-12T06:31:05","slug":"materiel-pedagogique-des-rescapes-repondent-aux-questions-deleves-simone-arnold-liebster-3","status":"publish","type":"post","link":"https:\/\/alst.org\/fr\/education-fr\/interview-de-temoins-de-lhistoire\/materiel-pedagogique-des-rescapes-repondent-aux-questions-deleves-simone-arnold-liebster-3\/","title":{"rendered":"Des rescap\u00e9s r\u00e9pondent aux questions d\u2019\u00e9l\u00e8ves: Simone Arnold Liebster"},"content":{"rendered":"\n<figure class=\"wp-block-image aligncenter size-full\"><img decoding=\"async\" width=\"250\" height=\"197\" src=\"https:\/\/alst.org\/wp-content\/uploads\/2022\/03\/simone-conference.jpeg\" alt=\"Simone Arnold Liebster auf einer Konferenz\" class=\"wp-image-1532\"\/><figcaption>Simone Arnold Liebster auf einer Konferenz<\/figcaption><\/figure>\n\n\n\n<p>J\u2019ai souvent eu le privil\u00e8ge de m\u2019entretenir avec des jeunes. Partout, aux Etats-Unis, au Canada, en France, en Suisse et en Allemagne, j\u2019ai ressenti combien les jeunes gens \u00e9taient d\u00e9sireux de comprendre ce qui s\u2019est produit lorsqu\u2019un pays civilis\u00e9 comme l\u2019Allemagne est devenu un \u00e9tat nazi. J\u2019ai trouv\u00e9 chez eux un int\u00e9r\u00eat similaire \u00e0 l\u2019id\u00e9e d\u2019apprendre comment construire un futur pacifique et comment \u00e9viter de tels extr\u00eames. Parmi les questions int\u00e9ressantes, bien nombreuses, j\u2019ai s\u00e9lectionn\u00e9 celles qui vous aideront \u00e0 comprendre la r\u00e9ponse puissante apport\u00e9e par les T\u00e9moins de J\u00e9hovah. Il s\u2019agit, en gros, de r\u00e9sistance morale qui combinait un refus absolu de la violence et de la discrimination avec une attitude ferme due \u00e0 des valeurs morales \u00e9lev\u00e9es, bas\u00e9es sur l\u2019amour. Cela impliquait de refuser de c\u00e9der \u00e0 une quelconque pression n\u00e9gative du groupe de mes camarades. J\u2019ai b\u00e9n\u00e9fici\u00e9 tr\u00e8s jeune d\u2019un enseignement de ces valeurs m\u00eame si ma jeune vie \u00e9tait cern\u00e9e par la propagande nazie et la pression sociale. J\u2019\u00e9tais d\u00e9termin\u00e9e \u00e0 ob\u00e9ir au commandement de Dieu qui disait d\u2019aimer mon prochain \u2013 quel qu\u2019il soit \u2013 et aujourd\u2019hui, je regarde en arri\u00e8re avec une conscience nette. Je peux certainement vous encourager, vous, les jeunes, \u00e0 prendre dans la vie un bon d\u00e9part, bas\u00e9 sur de vraies valeurs, comme celles que j\u2019avais apprises de la bible. Une conscience nette est un joyau \u2013 puisse la v\u00f4tre en devenir un aussi&nbsp;!<\/p>\n\n\n\n<h3 class=\"wp-block-heading\">&nbsp;<\/h3>\n\n\n\n<p><a href=\"https:\/\/alst.org\/fr\/non-classifiee\/materiel-pedagogique-des-rescapes-repondent-aux-questions-deleves-simone-arnold-liebster\/\" data-type=\"post\" data-id=\"5269\">Question 1 :<br>Pourquoi n\u2019avez-vous pas sign\u00e9 la \u00ab D\u00e9claration \u00bb pour pouvoir rentrer chez vous et retrouver votre famille, quitte \u00e0 pratiquer ensuite votre culte en secret ?<\/a><\/p>\n\n\n\n<p><a href=\"https:\/\/alst.org\/fr\/non-classifiee\/materiel-pedagogique-des-rescapes-repondent-aux-questions-deleves-simone-arnold-liebster-2\/\" data-type=\"post\" data-id=\"5271\">Question 2 :<br>Pourquoi personne n\u2019a alert\u00e9 le monde sur ce qui se passait ?<\/a><\/p>\n\n\n\n<h4 class=\"wp-block-heading\">Rescap\u00e9e d\u2019une maison de redressement nazie<\/h4>\n\n\n\n<p>A l\u2019\u00e9cole, on me mettait de plus en plus la pression pour m\u2019inciter \u00e0 dire \u00ab Heil Hitler ! \u00bb. Mais je refusais car, dans mon c\u0153ur, je n\u2019aurais jamais pu honorer un homme de cette fa\u00e7on, comme s\u2019il \u00e9tait un dieu capable de sauver les gens.<\/p>\n\n\n\n<h4 class=\"wp-block-heading\">SIMONE ARNOLD LIEBSTER<\/h4>\n\n\n\n<figure class=\"wp-block-image alignleft size-full is-resized\"><img fetchpriority=\"high\" decoding=\"async\" src=\"https:\/\/alst.org\/wp-content\/uploads\/2022\/03\/simone-young.jpeg\" alt=\"Simone Arnold Liebster als M\u00e4dchen\" class=\"wp-image-1500\" width=\"244\" height=\"370\"\/><\/figure>\n\n\n\n<p>N\u00e9e en 1930, Simone fut confront\u00e9e \u00e0 des \u00e9preuves s\u00e9v\u00e8res d\u00e8s son jeune \u00e2ge. Expuls\u00e9e du lyc\u00e9e \u00e0 l\u2019\u00e2ge de douze ans, elle fut interrog\u00e9e, sous la lumi\u00e8re aveuglante de projecteurs, par deux agents nazis qui tentaient de lui faire r\u00e9v\u00e9ler le nom d\u2019autres T\u00e9moins de J\u00e9hovah. Elle fut ensuite envoy\u00e9e dans un centre de redressement \u00e0 Constance, en Allemagne, pour \u00eatre \u00ab r\u00e9\u00e9duqu\u00e9e \u00bb. Ses parents furent d\u00e9port\u00e9s en camps de concentration. \u00ab Je n\u2019ai pas subi de dommages mentaux quand notre famille a \u00e9t\u00e9 d\u00e9chir\u00e9e. Je gardais mes yeux fix\u00e9s sur l\u2019exemple d\u2019int\u00e9grit\u00e9 que me donnaient mes parents. \u00bb Les fillettes de la maison de redressement devaient effectuer des travaux tr\u00e8s durs, n\u2019avaient pas le droit de se parler et ne pouvaient se laver les cheveux qu\u2019une fois l\u2019an.<\/p>\n\n\n\n<p>La famille Arnold fut \u00e0 nouveau r\u00e9unie au bout de quatre ans.<\/p>\n","protected":false},"excerpt":{"rendered":"<p>J\u2019ai souvent eu le privil\u00e8ge de m\u2019entretenir avec des jeunes. Partout, aux Etats-Unis, au Canada, en France, en Suisse et en Allemagne, j\u2019ai ressenti combien les jeunes gens \u00e9taient d\u00e9sireux de comprendre ce qui s\u2019est produit lorsqu\u2019un pays civilis\u00e9 comme l\u2019Allemagne est devenu un \u00e9tat nazi. J\u2019ai trouv\u00e9 chez eux un int\u00e9r\u00eat similaire \u00e0 l\u2019id\u00e9e [&hellip;]<\/p>\n","protected":false},"author":1,"featured_media":1532,"comment_status":"closed","ping_status":"closed","sticky":false,"template":"","format":"standard","meta":{"inline_featured_image":false,"footnotes":""},"categories":[189,203],"tags":[],"class_list":["post-5273","post","type-post","status-publish","format-standard","has-post-thumbnail","hentry","category-interview-de-temoins-de-lhistoire","category-interview-de-temoins-de-lhistoire-fr"],"_links":{"self":[{"href":"https:\/\/alst.org\/fr\/wp-json\/wp\/v2\/posts\/5273","targetHints":{"allow":["GET"]}}],"collection":[{"href":"https:\/\/alst.org\/fr\/wp-json\/wp\/v2\/posts"}],"about":[{"href":"https:\/\/alst.org\/fr\/wp-json\/wp\/v2\/types\/post"}],"author":[{"embeddable":true,"href":"https:\/\/alst.org\/fr\/wp-json\/wp\/v2\/users\/1"}],"replies":[{"embeddable":true,"href":"https:\/\/alst.org\/fr\/wp-json\/wp\/v2\/comments?post=5273"}],"version-history":[{"count":3,"href":"https:\/\/alst.org\/fr\/wp-json\/wp\/v2\/posts\/5273\/revisions"}],"predecessor-version":[{"id":5294,"href":"https:\/\/alst.org\/fr\/wp-json\/wp\/v2\/posts\/5273\/revisions\/5294"}],"wp:featuredmedia":[{"embeddable":true,"href":"https:\/\/alst.org\/fr\/wp-json\/wp\/v2\/media\/1532"}],"wp:attachment":[{"href":"https:\/\/alst.org\/fr\/wp-json\/wp\/v2\/media?parent=5273"}],"wp:term":[{"taxonomy":"category","embeddable":true,"href":"https:\/\/alst.org\/fr\/wp-json\/wp\/v2\/categories?post=5273"},{"taxonomy":"post_tag","embeddable":true,"href":"https:\/\/alst.org\/fr\/wp-json\/wp\/v2\/tags?post=5273"}],"curies":[{"name":"wp","href":"https:\/\/api.w.org\/{rel}","templated":true}]}}