{"id":15898,"date":"2025-06-24T09:53:00","date_gmt":"2025-06-24T09:53:00","guid":{"rendered":"https:\/\/alst.org\/non-classifiee\/commemoration-emouvante-de-linterdiction-des-etudiants-de-la-bible-il-y-a-92-ans-retour-sur-levenement\/"},"modified":"2026-04-18T13:31:55","modified_gmt":"2026-04-18T13:31:55","slug":"commemoration-emouvante-de-linterdiction-des-etudiants-de-la-bible-il-y-a-92-ans-retour-sur-levenement","status":"publish","type":"post","link":"https:\/\/alst.org\/fr\/actualites\/commemoration-emouvante-de-linterdiction-des-etudiants-de-la-bible-il-y-a-92-ans-retour-sur-levenement\/","title":{"rendered":"Comm\u00e9moration \u00e9mouvante de l&rsquo;interdiction des \u00c9tudiants de la Bible il y a 92 ans &#8211; Retour sur l&rsquo;\u00e9v\u00e9nement"},"content":{"rendered":"\n<figure data-wp-context=\"{&quot;imageId&quot;:&quot;69edd3a4efea8&quot;}\" data-wp-interactive=\"core\/image\" data-wp-key=\"69edd3a4efea8\" class=\"wp-block-image size-image-720 wp-lightbox-container\"><img fetchpriority=\"high\" decoding=\"async\" width=\"720\" height=\"480\" data-wp-class--hide=\"state.isContentHidden\" data-wp-class--show=\"state.isContentVisible\" data-wp-init=\"callbacks.setButtonStyles\" data-wp-on--click=\"actions.showLightbox\" data-wp-on--load=\"callbacks.setButtonStyles\" data-wp-on-window--resize=\"callbacks.setButtonStyles\" src=\"https:\/\/alst.org\/wp-content\/uploads\/2025\/06\/Gedenkstunde-92.-Jahrestag-Verbot-Zeugen-Jehovas-Totale-nah-720x480.jpg\" alt=\"Plan large de la comm&#xE9;moration de l'interdiction des &#xC9;tudiants de la Bible &#xE0; l'&#xE9;tang des Poissons rouges : une centaine de participants suivent l'&#xE9;v&#xE9;nement, avec au premier plan le dos des deux musiciennes au violon et &#xE0; l'alto.\" class=\"wp-image-15316\" srcset=\"https:\/\/alst.org\/wp-content\/uploads\/2025\/06\/Gedenkstunde-92.-Jahrestag-Verbot-Zeugen-Jehovas-Totale-nah-720x480.jpg 720w, https:\/\/alst.org\/wp-content\/uploads\/2025\/06\/Gedenkstunde-92.-Jahrestag-Verbot-Zeugen-Jehovas-Totale-nah-300x200.jpg 300w, https:\/\/alst.org\/wp-content\/uploads\/2025\/06\/Gedenkstunde-92.-Jahrestag-Verbot-Zeugen-Jehovas-Totale-nah-1024x683.jpg 1024w, https:\/\/alst.org\/wp-content\/uploads\/2025\/06\/Gedenkstunde-92.-Jahrestag-Verbot-Zeugen-Jehovas-Totale-nah-351x234.jpg 351w, https:\/\/alst.org\/wp-content\/uploads\/2025\/06\/Gedenkstunde-92.-Jahrestag-Verbot-Zeugen-Jehovas-Totale-nah-768x512.jpg 768w, https:\/\/alst.org\/wp-content\/uploads\/2025\/06\/Gedenkstunde-92.-Jahrestag-Verbot-Zeugen-Jehovas-Totale-nah-1536x1024.jpg 1536w, https:\/\/alst.org\/wp-content\/uploads\/2025\/06\/Gedenkstunde-92.-Jahrestag-Verbot-Zeugen-Jehovas-Totale-nah-480x320.jpg 480w, https:\/\/alst.org\/wp-content\/uploads\/2025\/06\/Gedenkstunde-92.-Jahrestag-Verbot-Zeugen-Jehovas-Totale-nah-640x427.jpg 640w, https:\/\/alst.org\/wp-content\/uploads\/2025\/06\/Gedenkstunde-92.-Jahrestag-Verbot-Zeugen-Jehovas-Totale-nah.jpg 2048w\" sizes=\"(max-width: 720px) 100vw, 720px\" \/><button\n\t\t\tclass=\"lightbox-trigger\"\n\t\t\ttype=\"button\"\n\t\t\taria-haspopup=\"dialog\"\n\t\t\taria-label=\"Agrandir\"\n\t\t\tdata-wp-init=\"callbacks.initTriggerButton\"\n\t\t\tdata-wp-on--click=\"actions.showLightbox\"\n\t\t\tdata-wp-style--right=\"state.imageButtonRight\"\n\t\t\tdata-wp-style--top=\"state.imageButtonTop\"\n\t\t>\n\t\t\t<svg xmlns=\"http:\/\/www.w3.org\/2000\/svg\" width=\"12\" height=\"12\" fill=\"none\" viewBox=\"0 0 12 12\">\n\t\t\t\t<path fill=\"#fff\" d=\"M2 0a2 2 0 0 0-2 2v2h1.5V2a.5.5 0 0 1 .5-.5h2V0H2Zm2 10.5H2a.5.5 0 0 1-.5-.5V8H0v2a2 2 0 0 0 2 2h2v-1.5ZM8 12v-1.5h2a.5.5 0 0 0 .5-.5V8H12v2a2 2 0 0 1-2 2H8Zm2-12a2 2 0 0 1 2 2v2h-1.5V2a.5.5 0 0 0-.5-.5H8V0h2Z\" \/>\n\t\t\t<\/svg>\n\t\t<\/button><figcaption class=\"wp-element-caption\">Ambiance recueillie pr\u00e8s de l&rsquo;\u00e9tang des poissons rouges : plus de 100 personnes comm\u00e9morent ensemble les \u00c9tudiants de la Bible pers\u00e9cut\u00e9s, accompagn\u00e9es musicalement par Fan Wang (violon) et Annika Reuter (alto). \u00a9 Stiftung Denkmal, Foto: Marko Priske<\/figcaption><\/figure>\n\n<p style=\"margin-top:2em\">Le <strong>24 juin 2025<\/strong> a marqu\u00e9 le 92e anniversaire de l&rsquo;interdiction des \u00c9tudiants de la Bible (T\u00e9moins de J\u00e9hovah) en Prusse. La fondation Denkmal f\u00fcr die ermordeten Juden Europas (M\u00e9morial des Juifs assassin\u00e9s d&rsquo;Europe) et la fondation Arnold-Liebster ont lanc\u00e9 une invitation commune pour cette journ\u00e9e de comm\u00e9moration. L&rsquo;\u00e9v\u00e9nement s&rsquo;est d\u00e9roul\u00e9 sur le site du <a href=\"https:\/\/alst.org\/fr\/actualites\/evenements\/monument-aux-temoins-de-jehovah-persecutes-et-assassines-sous-le-regime-national-socialiste-obtient-un-vote-unanime\/\" data-type=\"post\" data-id=\"12225\" target=\"_blank\" rel=\"noreferrer noopener\">futur M\u00e9morial<\/a> des T\u00e9moins de J\u00e9hovah pers\u00e9cut\u00e9s et assassin\u00e9s sous le r\u00e9gime national-socialiste, dans le <a href=\"https:\/\/maps.app.goo.gl\/71RNKsgZn94nP9XQ7\" data-type=\"link\" data-id=\"https:\/\/maps.app.goo.gl\/71RNKsgZn94nP9XQ7\" target=\"_blank\" rel=\"noreferrer noopener nofollow\">Tiergarten de Berlin<\/a>, non loin de l&rsquo;\u00e9tang des Poissons rouges.  <\/p>\n\n<p>En 1936, la Gestapo a men\u00e9 une vaste vague d&rsquo;arrestations contre des membres importants de la communaut\u00e9 religieuse en Allemagne. L&rsquo;une de ces arrestations cibl\u00e9es a eu lieu le 22 ao\u00fbt 1936 \u00e0 l&rsquo;\u00e9tang des poissons rouges dans le Tiergarten de Berlin. <\/p>\n\n<h2 class=\"wp-block-heading\">Retour sur la comm\u00e9moration de l&rsquo;interdiction des \u00c9tudiants de la Bible<\/h2>\n\n<p>Comme annonc\u00e9, la comm\u00e9moration publique a eu lieu le 24 juin 2025 \u00e0 17 heures au Tiergarten de Berlin. Plus de <strong>150 invit\u00e9s<\/strong> ont particip\u00e9 sur place, tandis que <strong>pr\u00e8s de 1 200 personnes<\/strong> ont suivi la comm\u00e9moration en direct via une retransmission zoom. <\/p>\n\n<p>L&rsquo;enregistrement complet de la comm\u00e9moration est disponible sur YouTube :<\/p>\n\n<ul class=\"wp-block-list\">\n<li><a href=\"https:\/\/youtu.be\/_Uq4lWnwri4\" data-type=\"link\" data-id=\"https:\/\/youtu.be\/_Uq4lWnwri4\" target=\"_blank\" rel=\"noreferrer noopener nofollow\">Lien vers l&rsquo;enregistrement de la comm\u00e9moration sur la cha\u00eene YouTube de la fondation Arnold-Liebster<\/a><\/li>\n\n\n\n<li><a href=\"https:\/\/youtu.be\/nXxOwYVJJn0?si=uzmgRD2uZyp5JLCi\" data-type=\"link\" data-id=\"https:\/\/youtu.be\/nXxOwYVJJn0?si=uzmgRD2uZyp5JLCi\" rel=\"nofollow noopener\" target=\"_blank\">Lien vers l&rsquo;enregistrement de la comm\u00e9moration sur la cha\u00eene Youtube \u00ab\u00a0Culture &amp; Art<\/a><\/li>\n<\/ul>\n\n<p><\/p>\n\n<p><strong>Fan Wang (violon)<\/strong> et <strong>Annika Reuter (alto)<\/strong> ont assur\u00e9 l&rsquo;encadrement musical de la comm\u00e9moration.<\/p>\n\n<p><strong>Uwe Neum\u00e4rker<\/strong>, directeur de la Fondation du M\u00e9morial aux Juifs assassin\u00e9s d&rsquo;Europe, a accueilli les participants et a rendu hommage dans son discours au courage exceptionnel des \u00c9tudiants de la Bible dans leur lutte contre le nazisme. Il a ajout\u00e9 que le gouvernement f\u00e9d\u00e9ral avait reconnu cette r\u00e9sistance en d\u00e9cidant d&rsquo;\u00e9riger un m\u00e9morial. Neum\u00e4rker a soulign\u00e9 que les T\u00e9moins de J\u00e9hovah refusaient de faire le salut hitl\u00e9rien ou de servir dans l&rsquo;arm\u00e9e. Ce qui \u00e9tait particuli\u00e8rement remarquable, c&rsquo;est qu&rsquo;ils aidaient les autres, ind\u00e9pendamment de leur religion, de leurs convictions, de leur origine ou de la couleur de leur peau. \u00ab\u00a0Ils soutenaient les juifs, les communistes, les noirs, les Sinti et les homosexuels\u00a0\u00bb, a expliqu\u00e9 Neum\u00e4rker. \u00ab\u00a0L&rsquo;\u00eatre humain \u00e9tait au centre de leurs actions\u00a0\u00bb. Ce comportement rappelle l&rsquo;article 1 de la Loi fondamentale allemande : \u00ab\u00a0La dignit\u00e9 de l&rsquo;homme est inviolable\u00a0\u00bb. La r\u00e9sistance des T\u00e9moins de J\u00e9hovah \u00e9tait un acte de libert\u00e9 &#8211; la libert\u00e9 de faire son propre choix.<\/p>\n\n<p><strong>Le Dr Christl Wickert<\/strong> a ensuite \u00e9voqu\u00e9 le r\u00f4le particulier des femmes chez les \u00c9tudiants de la Bible, qui repr\u00e9sentaient environ 45 % de la communaut\u00e9 religieuse. Elle a d\u00e9crit le destin de <strong>Hildegard Seliger<\/strong>, la seule femme directement impliqu\u00e9e dans l&rsquo;action de l&rsquo;\u00e9tang des poissons rouges. Seliger a \u00e9t\u00e9 arr\u00eat\u00e9e le 22 ao\u00fbt 1936 et est pass\u00e9e par les camps de concentration de Lichtenburg et Ravensbr\u00fcck avant de participer \u00e0 la marche de la mort vers Schwerin. \u00ab\u00a0En RDA, elle a de nouveau \u00e9t\u00e9 pers\u00e9cut\u00e9e\u00a0\u00bb, a rapport\u00e9 Wickert. \u00ab\u00a0Elle et son mari ont \u00e9t\u00e9 emprisonn\u00e9s pendant 40 ans au total, \u00e0 la fois dans le Reich allemand et en RDA\u00a0\u00bb.    <\/p>\n\n<p>Wickert a expliqu\u00e9 qu&rsquo;au d\u00e9but, les femmes \u00e9taient rarement arr\u00eat\u00e9es par les nazis et qu&rsquo;elles assumaient des t\u00e2ches importantes : Elles menaient des \u00e9tudes bibliques, cachaient de la litt\u00e9rature dans des poussettes, baptisaient et rempla\u00e7aient ainsi les hommes arr\u00eat\u00e9s. Dans la seconde moiti\u00e9 des ann\u00e9es 1930, la Gestapo a \u00e9galement arr\u00eat\u00e9 les femmes T\u00e9moins de J\u00e9hovah. Dans les camps de concentration, elles refusaient de travailler pour soutenir la guerre, organisaient des d\u00e9votions en secret et \u00e9taient appr\u00e9ci\u00e9es des autres d\u00e9tenus pour leur humanit\u00e9.  <\/p>\n\n<p>De nombreuses \u00e9tudiantes de la Bible ont \u00e9t\u00e9 d\u00e9tenues \u00e0 Ravensbr\u00fcck, le plus grand camp de concentration pour femmes. Au d\u00e9but, elles \u00e9taient particuli\u00e8rement maltrait\u00e9es, mais par la suite, les nazis ont reconnu leur fiabilit\u00e9 et les ont employ\u00e9es \u00e0 des travaux \u00e0 l&rsquo;ext\u00e9rieur du camp, puisqu&rsquo;elles ne s&rsquo;\u00e9vadaient pas. <\/p>\n\n<p>Wickert cite un autre exemple, <strong>celui de K\u00e4the Neumann<\/strong>, \u00ab\u00a0m\u00e9tisse au premier degr\u00e9\u00a0\u00bb, d\u00e9port\u00e9e \u00e0 Ravensbr\u00fcck en 1943. Les T\u00e9moins de J\u00e9hovah ont fait en sorte que Neumann, atteinte du typhus, ne soit plus oblig\u00e9e de faire des travaux p\u00e9nibles. Cette exp\u00e9rience et la solidarit\u00e9 entre les T\u00e9moins l&rsquo;ont tellement touch\u00e9e qu&rsquo;elle a rejoint la communaut\u00e9 religieuse \u00e0 l&rsquo;\u00e9t\u00e9 1945. Elle et son mari ont \u00e9galement \u00e9t\u00e9 emprisonn\u00e9s en RDA.   <\/p>\n\n<p>Wickert a conclu en faisant r\u00e9f\u00e9rence \u00e0 la Loi fondamentale allemande, bas\u00e9e sur l&rsquo;exp\u00e9rience de l&rsquo;\u00e9poque nazie. Elle a cit\u00e9 l&rsquo;article 4 : \u00ab\u00a0La libert\u00e9 de croyance, de conscience et la libert\u00e9 de professer une religion ou une conviction sont inviolables\u00a0\u00bb ainsi que \u00ab\u00a0Nul ne peut \u00eatre contraint, contre sa conscience, \u00e0 servir dans une guerre avec des armes\u00a0\u00bb. Ces droits fondamentaux sont plus importants que jamais en raison des \u00e9v\u00e9nements actuels, car il existe un risque que la constitution d\u00e9mocratique soit indirectement vid\u00e9e de sa substance. M. Wickert a conclu en soulignant que la d\u00e9fense de la Constitution est un devoir pour tous les citoyens.<\/p>\n\n<figure class=\"wp-block-image size-image-720\"><img decoding=\"async\" width=\"720\" height=\"480\" src=\"https:\/\/alst.org\/wp-content\/uploads\/2025\/06\/Gedenkstunde-92.-Jahrestag-Verbot-Zeugen-Jehovas-Dr.-Christl-Wickert-720x480.jpg\" alt=\"Christl Wickert pr&#xE9;sente son expos&#xE9; historique sur la pers&#xE9;cution des femmes sp&#xE9;cialistes de la Bible sous le r&#xE9;gime national-socialiste lors de la comm&#xE9;moration &#xE0; l'&#xE9;tang des poissons rouges.\" class=\"wp-image-15306\" srcset=\"https:\/\/alst.org\/wp-content\/uploads\/2025\/06\/Gedenkstunde-92.-Jahrestag-Verbot-Zeugen-Jehovas-Dr.-Christl-Wickert-720x480.jpg 720w, https:\/\/alst.org\/wp-content\/uploads\/2025\/06\/Gedenkstunde-92.-Jahrestag-Verbot-Zeugen-Jehovas-Dr.-Christl-Wickert-300x200.jpg 300w, https:\/\/alst.org\/wp-content\/uploads\/2025\/06\/Gedenkstunde-92.-Jahrestag-Verbot-Zeugen-Jehovas-Dr.-Christl-Wickert-1024x683.jpg 1024w, https:\/\/alst.org\/wp-content\/uploads\/2025\/06\/Gedenkstunde-92.-Jahrestag-Verbot-Zeugen-Jehovas-Dr.-Christl-Wickert-351x234.jpg 351w, https:\/\/alst.org\/wp-content\/uploads\/2025\/06\/Gedenkstunde-92.-Jahrestag-Verbot-Zeugen-Jehovas-Dr.-Christl-Wickert-768x512.jpg 768w, https:\/\/alst.org\/wp-content\/uploads\/2025\/06\/Gedenkstunde-92.-Jahrestag-Verbot-Zeugen-Jehovas-Dr.-Christl-Wickert-1536x1024.jpg 1536w, https:\/\/alst.org\/wp-content\/uploads\/2025\/06\/Gedenkstunde-92.-Jahrestag-Verbot-Zeugen-Jehovas-Dr.-Christl-Wickert-480x320.jpg 480w, https:\/\/alst.org\/wp-content\/uploads\/2025\/06\/Gedenkstunde-92.-Jahrestag-Verbot-Zeugen-Jehovas-Dr.-Christl-Wickert-640x427.jpg 640w, https:\/\/alst.org\/wp-content\/uploads\/2025\/06\/Gedenkstunde-92.-Jahrestag-Verbot-Zeugen-Jehovas-Dr.-Christl-Wickert.jpg 2048w\" sizes=\"(max-width: 720px) 100vw, 720px\" \/><figcaption class=\"wp-element-caption\">Dr. Christl Wickert fait un expos\u00e9 sur la pers\u00e9cution des \u00e9tudiantes bibliques sous le r\u00e9gime national-socialiste lors d&rsquo;une c\u00e9r\u00e9monie comm\u00e9morative au Tiergarten de Berlin. \u00a9 Stiftung Denkmal, Foto: Marko Priske<\/figcaption><\/figure>\n\n<h2 class=\"wp-block-heading\">M\u00e9moire des \u00c9tudiants de la Bible arr\u00eat\u00e9s \u00e0 l&rsquo;\u00e9tang des Poissons rouges<\/h2>\n\n<figure class=\"wp-block-image size-image-720\"><img decoding=\"async\" width=\"720\" height=\"480\" src=\"https:\/\/alst.org\/wp-content\/uploads\/2025\/06\/Gedenkstunde-92.-Jahrestag-Verbot-Zeugen-Jehovas-Berliner-Studierende-720x480.jpg\" alt=\"Une &#xE9;tudiante berlinoise pr&#xE9;sente des fragments de m&#xE9;moire et de courtes biographies des T&#xE9;moins de J&#xE9;hovah arr&#xEA;t&#xE9;s &#xE0; l'&#xE9;tang des Poissons d'Or lors de la c&#xE9;r&#xE9;monie de comm&#xE9;moration\" class=\"wp-image-15301\" srcset=\"https:\/\/alst.org\/wp-content\/uploads\/2025\/06\/Gedenkstunde-92.-Jahrestag-Verbot-Zeugen-Jehovas-Berliner-Studierende-720x480.jpg 720w, https:\/\/alst.org\/wp-content\/uploads\/2025\/06\/Gedenkstunde-92.-Jahrestag-Verbot-Zeugen-Jehovas-Berliner-Studierende-300x200.jpg 300w, https:\/\/alst.org\/wp-content\/uploads\/2025\/06\/Gedenkstunde-92.-Jahrestag-Verbot-Zeugen-Jehovas-Berliner-Studierende-1024x683.jpg 1024w, https:\/\/alst.org\/wp-content\/uploads\/2025\/06\/Gedenkstunde-92.-Jahrestag-Verbot-Zeugen-Jehovas-Berliner-Studierende-351x234.jpg 351w, https:\/\/alst.org\/wp-content\/uploads\/2025\/06\/Gedenkstunde-92.-Jahrestag-Verbot-Zeugen-Jehovas-Berliner-Studierende-768x512.jpg 768w, https:\/\/alst.org\/wp-content\/uploads\/2025\/06\/Gedenkstunde-92.-Jahrestag-Verbot-Zeugen-Jehovas-Berliner-Studierende-1536x1024.jpg 1536w, https:\/\/alst.org\/wp-content\/uploads\/2025\/06\/Gedenkstunde-92.-Jahrestag-Verbot-Zeugen-Jehovas-Berliner-Studierende-480x320.jpg 480w, https:\/\/alst.org\/wp-content\/uploads\/2025\/06\/Gedenkstunde-92.-Jahrestag-Verbot-Zeugen-Jehovas-Berliner-Studierende-640x427.jpg 640w, https:\/\/alst.org\/wp-content\/uploads\/2025\/06\/Gedenkstunde-92.-Jahrestag-Verbot-Zeugen-Jehovas-Berliner-Studierende.jpg 2048w\" sizes=\"(max-width: 720px) 100vw, 720px\" \/><figcaption class=\"wp-element-caption\">Une \u00e9tudiante berlinoise lors de la lecture \u00e9mouvante de courtes biographies d&rsquo;\u00c9tudiants de la Bible pers\u00e9cut\u00e9s sur le lieu historique de leur arrestation. \u00a9 Stiftung Denkmal, Foto: Marko Priske<\/figcaption><\/figure>\n\n<p>La lecture d&rsquo;\u00e9clats de m\u00e9moire par quatre \u00e9tudiants berlinois a constitu\u00e9 une conclusion \u00e9mouvante. Ils ont lu <strong>13 courtes biographies<\/strong> de T\u00e9moins de J\u00e9hovah qui se r\u00e9unissaient r\u00e9guli\u00e8rement \u00e0 l&rsquo;\u00e9tang des Poissons rouges et dirigeaient l&rsquo;\u0153uvre des T\u00e9moins de J\u00e9hovah dans le Reich allemand dans la clandestinit\u00e9 : <\/p>\n\n<p>Heinrich Dietschi, Erich Frost, Paul Gro\u00dfmann, Georg Klohe, Otto Kours, Albert Kuczewski, Georg Rabe, Wilhelm Ruhnau, Hildegard Seliger, Ernst Seliger, Ernst Varduhn, Fritz Winkler et Emil Zellmann.<\/p>\n\n<p>Ces noms sont repr\u00e9sentatifs des nombreux T\u00e9moins de J\u00e9hovah qui ont \u00e9t\u00e9 emprisonn\u00e9s dans toute l&rsquo;Allemagne lors de la vague d&rsquo;arrestations de 1936 pour \u00eatre rest\u00e9s fid\u00e8les \u00e0 leurs convictions religieuses. Au moins 17 des personnes arr\u00eat\u00e9es \u00e0 cette occasion sont mortes des suites de la torture. <\/p>\n\n<p>Pour en savoir plus sur la pers\u00e9cution des \u00c9tudiants de la Bible par les nazis, \u00e9coutez le <strong>podcast<\/strong> \u00ab\u00a0Camino\u00a0\u00bb de <strong>hr2<\/strong>, intitul\u00e9 \u00ab\u00a0Geheimtreffen am Goldfischteich\u00a0\u00bb, qui raconte l&rsquo;histoire \u00e9mouvante des T\u00e9moins de J\u00e9hovah pers\u00e9cut\u00e9s : <a href=\"https:\/\/www.hr2.de\/podcasts\/camino\/geheimtreffen-am-goldfischteich--erinnerung-an-die-von-den-nazis-verfolgten-zeugen-jehovas,podcast-episode-141966.html\" data-type=\"link\" data-id=\"https:\/\/www.hr2.de\/podcasts\/camino\/geheimtreffen-am-goldfischteich--erinnerung-an-die-von-den-nazis-verfolgten-zeugen-jehovas,podcast-episode-141966.html\" target=\"_blank\" rel=\"noreferrer noopener\">Lien vers le podcast \u00ab\u00a0Geheimtreffen am Goldfischteich<\/a>\u00ab\u00a0.<\/p>\n<style>.wp-block-kadence-advancedgallery .kb-gallery-type-masonry.kb-gallery-id-15183_cf4680-4e{margin:-5px;}.kb-gallery-type-masonry.kb-gallery-id-15183_cf4680-4e .kadence-blocks-gallery-item{padding:5px;}.kb-gallery-id-15183_cf4680-4e .kadence-blocks-gallery-item .kb-gal-image-radius, .kb-gallery-id-15183_cf4680-4e .kb-slide-item .kb-gal-image-radius img{border-radius:0px 0px 0px 0px;;}.kb-gallery-id-15183_cf4680-4e .kadence-blocks-gallery-item .kadence-blocks-gallery-item-inner .kadence-blocks-gallery-item__caption{line-height:14px;}.kb-gallery-caption-style-cover-hover.kb-gallery-id-15183_cf4680-4e .kadence-blocks-gallery-item .kadence-blocks-gallery-item-inner .kadence-blocks-gallery-item__caption, .kb-gallery-caption-style-below.kb-gallery-id-15183_cf4680-4e .kadence-blocks-gallery-item .kadence-blocks-gallery-item-inner .kadence-blocks-gallery-item__caption{background:rgba(0, 0, 0, 0.5);}<\/style><div class=\"kb-gallery-wrap-id-15183_cf4680-4e alignnone wp-block-kadence-advancedgallery\"><ul class=\"kb-gallery-ul kb-gallery-non-static kb-gallery-type-masonry kb-masonry-init kb-gallery-id-15183_cf4680-4e kb-gallery-caption-style-cover-hover kb-gallery-filter-none kb-gallery-magnific-init\" data-image-filter=\"none\" data-item-selector=\".kadence-blocks-gallery-item\" data-lightbox-caption=\"true\" data-columns-xxl=\"3\" data-columns-xl=\"3\" data-columns-md=\"3\" data-columns-sm=\"2\" data-columns-xs=\"1\" data-columns-ss=\"1\"><li class=\"kadence-blocks-gallery-item\"><div class=\"kadence-blocks-gallery-item-inner\"><figure class=\"kb-gallery-figure kb-gallery-item-has-link kadence-blocks-gallery-item-has-caption\"><a href=\"https:\/\/alst.org\/wp-content\/uploads\/2025\/06\/Gedenkstunde-92.-Jahrestag-Verbot-Zeugen-Jehovas-Uwe-Langhals.jpg\" data-description=\"Uwe Langhals, membre du conseil d&#039;administration de la fondation Arnold-Liebster, accueille les invit\u00e9s et annonce le programme musical. \u00a9 Stiftung Denkmal, Foto: Marko Priske\" data-alt=\"Uwe Langhals, Vorstandsmitglied der Arnold-Liebster-Stiftung, er\u00f6ffnet die Gedenkstunde und k\u00fcndigt die Musikerinnen an\" class=\"kb-gallery-item-link\"   role=\"button\" aria-haspopup=\"dialog\"><div class=\"kb-gal-image-radius\" style=\"max-width:300px;\"><div class=\"kb-gallery-image-contain kadence-blocks-gallery-intrinsic\" style=\"padding-bottom:66%;\"><img loading=\"lazy\" decoding=\"async\" src=\"https:\/\/alst.org\/wp-content\/uploads\/2025\/06\/Gedenkstunde-92.-Jahrestag-Verbot-Zeugen-Jehovas-Uwe-Langhals-300x200.jpg\" width=\"300\" height=\"200\" alt=\"Uwe Langhals, Vorstandsmitglied der Arnold-Liebster-Stiftung, er\u00f6ffnet die Gedenkstunde und k\u00fcndigt die Musikerinnen an\" data-full-image=\"https:\/\/alst.org\/wp-content\/uploads\/2025\/06\/Gedenkstunde-92.-Jahrestag-Verbot-Zeugen-Jehovas-Uwe-Langhals.jpg\" data-light-image=\"https:\/\/alst.org\/wp-content\/uploads\/2025\/06\/Gedenkstunde-92.-Jahrestag-Verbot-Zeugen-Jehovas-Uwe-Langhals.jpg\" data-id=\"15336\" class=\"wp-image-15336\" srcset=\"https:\/\/alst.org\/wp-content\/uploads\/2025\/06\/Gedenkstunde-92.-Jahrestag-Verbot-Zeugen-Jehovas-Uwe-Langhals-300x200.jpg 300w, https:\/\/alst.org\/wp-content\/uploads\/2025\/06\/Gedenkstunde-92.-Jahrestag-Verbot-Zeugen-Jehovas-Uwe-Langhals-1024x683.jpg 1024w, https:\/\/alst.org\/wp-content\/uploads\/2025\/06\/Gedenkstunde-92.-Jahrestag-Verbot-Zeugen-Jehovas-Uwe-Langhals-351x234.jpg 351w, https:\/\/alst.org\/wp-content\/uploads\/2025\/06\/Gedenkstunde-92.-Jahrestag-Verbot-Zeugen-Jehovas-Uwe-Langhals-768x512.jpg 768w, https:\/\/alst.org\/wp-content\/uploads\/2025\/06\/Gedenkstunde-92.-Jahrestag-Verbot-Zeugen-Jehovas-Uwe-Langhals-1536x1024.jpg 1536w, https:\/\/alst.org\/wp-content\/uploads\/2025\/06\/Gedenkstunde-92.-Jahrestag-Verbot-Zeugen-Jehovas-Uwe-Langhals-480x320.jpg 480w, https:\/\/alst.org\/wp-content\/uploads\/2025\/06\/Gedenkstunde-92.-Jahrestag-Verbot-Zeugen-Jehovas-Uwe-Langhals-640x427.jpg 640w, https:\/\/alst.org\/wp-content\/uploads\/2025\/06\/Gedenkstunde-92.-Jahrestag-Verbot-Zeugen-Jehovas-Uwe-Langhals-720x480.jpg 720w, https:\/\/alst.org\/wp-content\/uploads\/2025\/06\/Gedenkstunde-92.-Jahrestag-Verbot-Zeugen-Jehovas-Uwe-Langhals.jpg 2048w\" sizes=\"(max-width: 300px) 100vw, 300px\" \/><\/div><div class=\"kadence-blocks-gallery-item__caption\">Uwe Langhals, membre du conseil d&rsquo;administration de la fondation Arnold-Liebster, accueille les invit\u00e9s et annonce le programme musical. \u00a9 Stiftung Denkmal, Foto: Marko Priske<\/div><\/div><\/a><\/figure><\/div><\/li><li class=\"kadence-blocks-gallery-item\"><div class=\"kadence-blocks-gallery-item-inner\"><figure class=\"kb-gallery-figure kb-gallery-item-has-link kadence-blocks-gallery-item-has-caption\"><a href=\"https:\/\/alst.org\/wp-content\/uploads\/2025\/06\/Gedenkstunde-92.-Jahrestag-Verbot-Zeugen-Jehovas-Geigenspielerinnen.jpg\" data-description=\"Fan Wang (violon) et Annika Reuter (alto) assurent le cadre musical de la c\u00e9r\u00e9monie comm\u00e9morative au Tiergarten de Berlin. \u00a9 Stiftung Denkmal, Foto: Marko Priske\" data-alt=\"Fan Wang und Annika Reuter spielen Violine und Viola bei der Gedenkstunde am Goldfischteich in Berlin\" class=\"kb-gallery-item-link\"   role=\"button\" aria-haspopup=\"dialog\"><div class=\"kb-gal-image-radius\" style=\"max-width:300px;\"><div class=\"kb-gallery-image-contain kadence-blocks-gallery-intrinsic\" style=\"padding-bottom:66%;\"><img loading=\"lazy\" decoding=\"async\" src=\"https:\/\/alst.org\/wp-content\/uploads\/2025\/06\/Gedenkstunde-92.-Jahrestag-Verbot-Zeugen-Jehovas-Geigenspielerinnen-300x200.jpg\" width=\"300\" height=\"200\" alt=\"Fan Wang und Annika Reuter spielen Violine und Viola bei der Gedenkstunde am Goldfischteich in Berlin\" data-full-image=\"https:\/\/alst.org\/wp-content\/uploads\/2025\/06\/Gedenkstunde-92.-Jahrestag-Verbot-Zeugen-Jehovas-Geigenspielerinnen.jpg\" data-light-image=\"https:\/\/alst.org\/wp-content\/uploads\/2025\/06\/Gedenkstunde-92.-Jahrestag-Verbot-Zeugen-Jehovas-Geigenspielerinnen.jpg\" data-id=\"15311\" class=\"wp-image-15311\" srcset=\"https:\/\/alst.org\/wp-content\/uploads\/2025\/06\/Gedenkstunde-92.-Jahrestag-Verbot-Zeugen-Jehovas-Geigenspielerinnen-300x200.jpg 300w, https:\/\/alst.org\/wp-content\/uploads\/2025\/06\/Gedenkstunde-92.-Jahrestag-Verbot-Zeugen-Jehovas-Geigenspielerinnen-1024x683.jpg 1024w, https:\/\/alst.org\/wp-content\/uploads\/2025\/06\/Gedenkstunde-92.-Jahrestag-Verbot-Zeugen-Jehovas-Geigenspielerinnen-351x234.jpg 351w, https:\/\/alst.org\/wp-content\/uploads\/2025\/06\/Gedenkstunde-92.-Jahrestag-Verbot-Zeugen-Jehovas-Geigenspielerinnen-768x512.jpg 768w, https:\/\/alst.org\/wp-content\/uploads\/2025\/06\/Gedenkstunde-92.-Jahrestag-Verbot-Zeugen-Jehovas-Geigenspielerinnen-1536x1024.jpg 1536w, https:\/\/alst.org\/wp-content\/uploads\/2025\/06\/Gedenkstunde-92.-Jahrestag-Verbot-Zeugen-Jehovas-Geigenspielerinnen-480x320.jpg 480w, https:\/\/alst.org\/wp-content\/uploads\/2025\/06\/Gedenkstunde-92.-Jahrestag-Verbot-Zeugen-Jehovas-Geigenspielerinnen-640x427.jpg 640w, https:\/\/alst.org\/wp-content\/uploads\/2025\/06\/Gedenkstunde-92.-Jahrestag-Verbot-Zeugen-Jehovas-Geigenspielerinnen-720x480.jpg 720w, https:\/\/alst.org\/wp-content\/uploads\/2025\/06\/Gedenkstunde-92.-Jahrestag-Verbot-Zeugen-Jehovas-Geigenspielerinnen.jpg 2048w\" sizes=\"(max-width: 300px) 100vw, 300px\" \/><\/div><div class=\"kadence-blocks-gallery-item__caption\">Fan Wang (violon) et Annika Reuter (alto) assurent le cadre musical de la c\u00e9r\u00e9monie comm\u00e9morative au Tiergarten de Berlin. \u00a9 Stiftung Denkmal, Foto: Marko Priske<\/div><\/div><\/a><\/figure><\/div><\/li><li class=\"kadence-blocks-gallery-item\"><div class=\"kadence-blocks-gallery-item-inner\"><figure class=\"kb-gallery-figure kb-gallery-item-has-link kadence-blocks-gallery-item-has-caption\"><a href=\"https:\/\/alst.org\/wp-content\/uploads\/2025\/06\/Gedenkstunde-92.-Jahrestag-Verbot-Zeugen-Jehovas-Uwe-Neumaerker.jpg\" data-description=\"Uwe Neum\u00e4rker accueille plus de 100 participants \u00e0 la comm\u00e9moration du 92e anniversaire de l&#039;interdiction des \u00c9tudiants de la Bible sur le site historique du Tiergarten \u00e0 Berlin. \u00a9 Stiftung Denkmal, Foto: Marko Priske\" data-alt=\"Uwe Neum\u00e4rker, Direktor der Stiftung Denkmal f\u00fcr die ermordeten Juden Europas, h\u00e4lt die Begr\u00fc\u00dfungsansprache bei der Gedenkstunde zum 92. Jahrestag des Verbots der Bibelforscher in Preu\u00dfen am Goldfischteich in Berlin\" class=\"kb-gallery-item-link\"   role=\"button\" aria-haspopup=\"dialog\"><div class=\"kb-gal-image-radius\" style=\"max-width:300px;\"><div class=\"kb-gallery-image-contain kadence-blocks-gallery-intrinsic\" style=\"padding-bottom:66%;\"><img loading=\"lazy\" decoding=\"async\" src=\"https:\/\/alst.org\/wp-content\/uploads\/2025\/06\/Gedenkstunde-92.-Jahrestag-Verbot-Zeugen-Jehovas-Uwe-Neumaerker-300x200.jpg\" width=\"300\" height=\"200\" alt=\"Uwe Neum\u00e4rker, Direktor der Stiftung Denkmal f\u00fcr die ermordeten Juden Europas, h\u00e4lt die Begr\u00fc\u00dfungsansprache bei der Gedenkstunde zum 92. Jahrestag des Verbots der Bibelforscher in Preu\u00dfen am Goldfischteich in Berlin\" data-full-image=\"https:\/\/alst.org\/wp-content\/uploads\/2025\/06\/Gedenkstunde-92.-Jahrestag-Verbot-Zeugen-Jehovas-Uwe-Neumaerker.jpg\" data-light-image=\"https:\/\/alst.org\/wp-content\/uploads\/2025\/06\/Gedenkstunde-92.-Jahrestag-Verbot-Zeugen-Jehovas-Uwe-Neumaerker.jpg\" data-id=\"15341\" class=\"wp-image-15341\" srcset=\"https:\/\/alst.org\/wp-content\/uploads\/2025\/06\/Gedenkstunde-92.-Jahrestag-Verbot-Zeugen-Jehovas-Uwe-Neumaerker-300x200.jpg 300w, https:\/\/alst.org\/wp-content\/uploads\/2025\/06\/Gedenkstunde-92.-Jahrestag-Verbot-Zeugen-Jehovas-Uwe-Neumaerker-1024x683.jpg 1024w, https:\/\/alst.org\/wp-content\/uploads\/2025\/06\/Gedenkstunde-92.-Jahrestag-Verbot-Zeugen-Jehovas-Uwe-Neumaerker-351x234.jpg 351w, https:\/\/alst.org\/wp-content\/uploads\/2025\/06\/Gedenkstunde-92.-Jahrestag-Verbot-Zeugen-Jehovas-Uwe-Neumaerker-768x512.jpg 768w, https:\/\/alst.org\/wp-content\/uploads\/2025\/06\/Gedenkstunde-92.-Jahrestag-Verbot-Zeugen-Jehovas-Uwe-Neumaerker-1536x1024.jpg 1536w, https:\/\/alst.org\/wp-content\/uploads\/2025\/06\/Gedenkstunde-92.-Jahrestag-Verbot-Zeugen-Jehovas-Uwe-Neumaerker-480x320.jpg 480w, https:\/\/alst.org\/wp-content\/uploads\/2025\/06\/Gedenkstunde-92.-Jahrestag-Verbot-Zeugen-Jehovas-Uwe-Neumaerker-640x427.jpg 640w, https:\/\/alst.org\/wp-content\/uploads\/2025\/06\/Gedenkstunde-92.-Jahrestag-Verbot-Zeugen-Jehovas-Uwe-Neumaerker-720x480.jpg 720w, https:\/\/alst.org\/wp-content\/uploads\/2025\/06\/Gedenkstunde-92.-Jahrestag-Verbot-Zeugen-Jehovas-Uwe-Neumaerker.jpg 2048w\" sizes=\"(max-width: 300px) 100vw, 300px\" \/><\/div><div class=\"kadence-blocks-gallery-item__caption\">Uwe Neum\u00e4rker accueille plus de 100 participants \u00e0 la comm\u00e9moration du 92e anniversaire de l&rsquo;interdiction des \u00c9tudiants de la Bible sur le site historique du Tiergarten \u00e0 Berlin. \u00a9 Stiftung Denkmal, Foto: Marko Priske<\/div><\/div><\/a><\/figure><\/div><\/li><li class=\"kadence-blocks-gallery-item\"><div class=\"kadence-blocks-gallery-item-inner\"><figure class=\"kb-gallery-figure kb-gallery-item-has-link kadence-blocks-gallery-item-has-caption\"><a href=\"https:\/\/alst.org\/wp-content\/uploads\/2025\/06\/Gedenkstunde-92.-Jahrestag-Verbot-Zeugen-Jehovas-Berliner-Studentin.jpg\" data-description=\"L&#039;une des quatre \u00e9tudiantes berlinoises r\u00e9cite des fragments de m\u00e9moire des T\u00e9moins de J\u00e9hovah arr\u00eat\u00e9s \u00e0 l&#039;\u00e9tang des Poissons rouges. \u00a9 Stiftung Denkmal, Foto: Marko Priske\" data-alt=\"Berliner Studentin bei der Lesung der Namen und Biografien verfolgter Bibelforscher w\u00e4hrend der Gedenkveranstaltung im Tiergarten\" class=\"kb-gallery-item-link\"   role=\"button\" aria-haspopup=\"dialog\"><div class=\"kb-gal-image-radius\" style=\"max-width:300px;\"><div class=\"kb-gallery-image-contain kadence-blocks-gallery-intrinsic\" style=\"padding-bottom:66%;\"><img loading=\"lazy\" decoding=\"async\" src=\"https:\/\/alst.org\/wp-content\/uploads\/2025\/06\/Gedenkstunde-92.-Jahrestag-Verbot-Zeugen-Jehovas-Berliner-Studentin-300x200.jpg\" width=\"300\" height=\"200\" alt=\"Berliner Studentin bei der Lesung der Namen und Biografien verfolgter Bibelforscher w\u00e4hrend der Gedenkveranstaltung im Tiergarten\" data-full-image=\"https:\/\/alst.org\/wp-content\/uploads\/2025\/06\/Gedenkstunde-92.-Jahrestag-Verbot-Zeugen-Jehovas-Berliner-Studentin.jpg\" data-light-image=\"https:\/\/alst.org\/wp-content\/uploads\/2025\/06\/Gedenkstunde-92.-Jahrestag-Verbot-Zeugen-Jehovas-Berliner-Studentin.jpg\" data-id=\"15296\" class=\"wp-image-15296\" srcset=\"https:\/\/alst.org\/wp-content\/uploads\/2025\/06\/Gedenkstunde-92.-Jahrestag-Verbot-Zeugen-Jehovas-Berliner-Studentin-300x200.jpg 300w, https:\/\/alst.org\/wp-content\/uploads\/2025\/06\/Gedenkstunde-92.-Jahrestag-Verbot-Zeugen-Jehovas-Berliner-Studentin-1024x683.jpg 1024w, https:\/\/alst.org\/wp-content\/uploads\/2025\/06\/Gedenkstunde-92.-Jahrestag-Verbot-Zeugen-Jehovas-Berliner-Studentin-351x234.jpg 351w, https:\/\/alst.org\/wp-content\/uploads\/2025\/06\/Gedenkstunde-92.-Jahrestag-Verbot-Zeugen-Jehovas-Berliner-Studentin-768x512.jpg 768w, https:\/\/alst.org\/wp-content\/uploads\/2025\/06\/Gedenkstunde-92.-Jahrestag-Verbot-Zeugen-Jehovas-Berliner-Studentin-1536x1024.jpg 1536w, https:\/\/alst.org\/wp-content\/uploads\/2025\/06\/Gedenkstunde-92.-Jahrestag-Verbot-Zeugen-Jehovas-Berliner-Studentin-480x320.jpg 480w, https:\/\/alst.org\/wp-content\/uploads\/2025\/06\/Gedenkstunde-92.-Jahrestag-Verbot-Zeugen-Jehovas-Berliner-Studentin-640x427.jpg 640w, https:\/\/alst.org\/wp-content\/uploads\/2025\/06\/Gedenkstunde-92.-Jahrestag-Verbot-Zeugen-Jehovas-Berliner-Studentin-720x480.jpg 720w, https:\/\/alst.org\/wp-content\/uploads\/2025\/06\/Gedenkstunde-92.-Jahrestag-Verbot-Zeugen-Jehovas-Berliner-Studentin.jpg 2048w\" sizes=\"(max-width: 300px) 100vw, 300px\" \/><\/div><div class=\"kadence-blocks-gallery-item__caption\">L&rsquo;une des quatre \u00e9tudiantes berlinoises r\u00e9cite des fragments de m\u00e9moire des T\u00e9moins de J\u00e9hovah arr\u00eat\u00e9s \u00e0 l&rsquo;\u00e9tang des Poissons rouges. \u00a9 Stiftung Denkmal, Foto: Marko Priske<\/div><\/div><\/a><\/figure><\/div><\/li><li class=\"kadence-blocks-gallery-item\"><div class=\"kadence-blocks-gallery-item-inner\"><figure class=\"kb-gallery-figure kb-gallery-item-has-link kadence-blocks-gallery-item-has-caption\"><a href=\"https:\/\/alst.org\/wp-content\/uploads\/2025\/06\/Gedenkstunde-92.-Jahrestag-Verbot-Zeugen-Jehovas-Berliner-Student.jpg\" data-description=\"Un \u00e9tudiant berlinois pendant la lecture d&#039;\u00e9clats de m\u00e9moire : les noms des 13 T\u00e9moins de J\u00e9hovah arr\u00eat\u00e9s \u00e0 l&#039;\u00e9tang des Poissons d&#039;Or sont lus. \u00a9 Stiftung Denkmal, Foto: Marko Priske\" data-alt=\"Student tr\u00e4gt Erinnerungssplitter und Kurzbiografien der am Goldfischteich verhafteten Zeugen Jehovas bei der Gedenkstunde vor\" class=\"kb-gallery-item-link\"   role=\"button\" aria-haspopup=\"dialog\"><div class=\"kb-gal-image-radius\" style=\"max-width:300px;\"><div class=\"kb-gallery-image-contain kadence-blocks-gallery-intrinsic\" style=\"padding-bottom:66%;\"><img loading=\"lazy\" decoding=\"async\" src=\"https:\/\/alst.org\/wp-content\/uploads\/2025\/06\/Gedenkstunde-92.-Jahrestag-Verbot-Zeugen-Jehovas-Berliner-Student-300x200.jpg\" width=\"300\" height=\"200\" alt=\"Student tr\u00e4gt Erinnerungssplitter und Kurzbiografien der am Goldfischteich verhafteten Zeugen Jehovas bei der Gedenkstunde vor\" data-full-image=\"https:\/\/alst.org\/wp-content\/uploads\/2025\/06\/Gedenkstunde-92.-Jahrestag-Verbot-Zeugen-Jehovas-Berliner-Student.jpg\" data-light-image=\"https:\/\/alst.org\/wp-content\/uploads\/2025\/06\/Gedenkstunde-92.-Jahrestag-Verbot-Zeugen-Jehovas-Berliner-Student.jpg\" data-id=\"15291\" class=\"wp-image-15291\" srcset=\"https:\/\/alst.org\/wp-content\/uploads\/2025\/06\/Gedenkstunde-92.-Jahrestag-Verbot-Zeugen-Jehovas-Berliner-Student-300x200.jpg 300w, https:\/\/alst.org\/wp-content\/uploads\/2025\/06\/Gedenkstunde-92.-Jahrestag-Verbot-Zeugen-Jehovas-Berliner-Student-1024x683.jpg 1024w, https:\/\/alst.org\/wp-content\/uploads\/2025\/06\/Gedenkstunde-92.-Jahrestag-Verbot-Zeugen-Jehovas-Berliner-Student-351x234.jpg 351w, https:\/\/alst.org\/wp-content\/uploads\/2025\/06\/Gedenkstunde-92.-Jahrestag-Verbot-Zeugen-Jehovas-Berliner-Student-768x512.jpg 768w, https:\/\/alst.org\/wp-content\/uploads\/2025\/06\/Gedenkstunde-92.-Jahrestag-Verbot-Zeugen-Jehovas-Berliner-Student-1536x1024.jpg 1536w, https:\/\/alst.org\/wp-content\/uploads\/2025\/06\/Gedenkstunde-92.-Jahrestag-Verbot-Zeugen-Jehovas-Berliner-Student-480x320.jpg 480w, https:\/\/alst.org\/wp-content\/uploads\/2025\/06\/Gedenkstunde-92.-Jahrestag-Verbot-Zeugen-Jehovas-Berliner-Student-640x427.jpg 640w, https:\/\/alst.org\/wp-content\/uploads\/2025\/06\/Gedenkstunde-92.-Jahrestag-Verbot-Zeugen-Jehovas-Berliner-Student-720x480.jpg 720w, https:\/\/alst.org\/wp-content\/uploads\/2025\/06\/Gedenkstunde-92.-Jahrestag-Verbot-Zeugen-Jehovas-Berliner-Student.jpg 2048w\" sizes=\"(max-width: 300px) 100vw, 300px\" \/><\/div><div class=\"kadence-blocks-gallery-item__caption\">Un \u00e9tudiant berlinois pendant la lecture d&rsquo;\u00e9clats de m\u00e9moire : les noms des 13 T\u00e9moins de J\u00e9hovah arr\u00eat\u00e9s \u00e0 l&rsquo;\u00e9tang des Poissons d&rsquo;Or sont lus. \u00a9 Stiftung Denkmal, Foto: Marko Priske<\/div><\/div><\/a><\/figure><\/div><\/li><li class=\"kadence-blocks-gallery-item\"><div class=\"kadence-blocks-gallery-item-inner\"><figure class=\"kb-gallery-figure kb-gallery-item-has-link kadence-blocks-gallery-item-has-caption\"><a href=\"https:\/\/alst.org\/wp-content\/uploads\/2025\/06\/Gedenkstunde-92.-Jahrestag-Verbot-Zeugen-Jehovas-Uwe-Klages-Matthias-Leeck.jpg\" data-description=\"Uwe Klages, pr\u00e9sident du conseil d&#039;administration de la fondation Arnold-Liebster, en discussion avec l&#039;artiste du m\u00e9morial Matthias Leeck sur le futur site du m\u00e9morial. \u00a9 Stiftung Denkmal, Foto: Marko Priske\" data-alt=\"Uwe Klages, Vorstandsvorsitzender der Arnold-Liebster-Stiftung, im Gespr\u00e4ch mit Mahnmal-K\u00fcnstler Matthias Leeck w\u00e4hrend der Gedenkstunde am Goldfischteich, Leeck von hinten und Klages von vorne zu sehen\" class=\"kb-gallery-item-link\"   role=\"button\" aria-haspopup=\"dialog\"><div class=\"kb-gal-image-radius\" style=\"max-width:300px;\"><div class=\"kb-gallery-image-contain kadence-blocks-gallery-intrinsic\" style=\"padding-bottom:66%;\"><img loading=\"lazy\" decoding=\"async\" src=\"https:\/\/alst.org\/wp-content\/uploads\/2025\/06\/Gedenkstunde-92.-Jahrestag-Verbot-Zeugen-Jehovas-Uwe-Klages-Matthias-Leeck-300x200.jpg\" width=\"300\" height=\"200\" alt=\"Uwe Klages, Vorstandsvorsitzender der Arnold-Liebster-Stiftung, im Gespr\u00e4ch mit Mahnmal-K\u00fcnstler Matthias Leeck w\u00e4hrend der Gedenkstunde am Goldfischteich, Leeck von hinten und Klages von vorne zu sehen\" data-full-image=\"https:\/\/alst.org\/wp-content\/uploads\/2025\/06\/Gedenkstunde-92.-Jahrestag-Verbot-Zeugen-Jehovas-Uwe-Klages-Matthias-Leeck.jpg\" data-light-image=\"https:\/\/alst.org\/wp-content\/uploads\/2025\/06\/Gedenkstunde-92.-Jahrestag-Verbot-Zeugen-Jehovas-Uwe-Klages-Matthias-Leeck.jpg\" data-id=\"15331\" class=\"wp-image-15331\" srcset=\"https:\/\/alst.org\/wp-content\/uploads\/2025\/06\/Gedenkstunde-92.-Jahrestag-Verbot-Zeugen-Jehovas-Uwe-Klages-Matthias-Leeck-300x200.jpg 300w, https:\/\/alst.org\/wp-content\/uploads\/2025\/06\/Gedenkstunde-92.-Jahrestag-Verbot-Zeugen-Jehovas-Uwe-Klages-Matthias-Leeck-1024x683.jpg 1024w, https:\/\/alst.org\/wp-content\/uploads\/2025\/06\/Gedenkstunde-92.-Jahrestag-Verbot-Zeugen-Jehovas-Uwe-Klages-Matthias-Leeck-351x234.jpg 351w, https:\/\/alst.org\/wp-content\/uploads\/2025\/06\/Gedenkstunde-92.-Jahrestag-Verbot-Zeugen-Jehovas-Uwe-Klages-Matthias-Leeck-768x512.jpg 768w, https:\/\/alst.org\/wp-content\/uploads\/2025\/06\/Gedenkstunde-92.-Jahrestag-Verbot-Zeugen-Jehovas-Uwe-Klages-Matthias-Leeck-1536x1024.jpg 1536w, https:\/\/alst.org\/wp-content\/uploads\/2025\/06\/Gedenkstunde-92.-Jahrestag-Verbot-Zeugen-Jehovas-Uwe-Klages-Matthias-Leeck-480x320.jpg 480w, https:\/\/alst.org\/wp-content\/uploads\/2025\/06\/Gedenkstunde-92.-Jahrestag-Verbot-Zeugen-Jehovas-Uwe-Klages-Matthias-Leeck-640x427.jpg 640w, https:\/\/alst.org\/wp-content\/uploads\/2025\/06\/Gedenkstunde-92.-Jahrestag-Verbot-Zeugen-Jehovas-Uwe-Klages-Matthias-Leeck-720x480.jpg 720w, https:\/\/alst.org\/wp-content\/uploads\/2025\/06\/Gedenkstunde-92.-Jahrestag-Verbot-Zeugen-Jehovas-Uwe-Klages-Matthias-Leeck.jpg 2048w\" sizes=\"(max-width: 300px) 100vw, 300px\" \/><\/div><div class=\"kadence-blocks-gallery-item__caption\">Uwe Klages, pr\u00e9sident du conseil d&rsquo;administration de la fondation Arnold-Liebster, en discussion avec l&rsquo;artiste du m\u00e9morial Matthias Leeck sur le futur site du m\u00e9morial. \u00a9 Stiftung Denkmal, Foto: Marko Priske<\/div><\/div><\/a><\/figure><\/div><\/li><\/ul><\/div>\n<h2 class=\"wp-block-heading\">Perspectives d&rsquo;avenir : Inauguration du m\u00e9morial en 2026<\/h2>\n\n<p style=\"margin-bottom:1.5em\">Les personnes int\u00e9ress\u00e9es peuvent d\u00e9j\u00e0 noter la date du <strong>24 juin 2026<\/strong>: Ce jour-l\u00e0, le m\u00e9morial des T\u00e9moins de J\u00e9hovah pers\u00e9cut\u00e9s et assassin\u00e9s sous le r\u00e9gime national-socialiste sera inaugur\u00e9 \u00e0 l&rsquo;\u00e9tang des Poissons rouges, 93 ans exactement apr\u00e8s l&rsquo;interdiction de la communaut\u00e9 religieuse.<\/p>\n<style>.wp-block-kadence-spacer.kt-block-spacer-15183_705c38-16 .kt-block-spacer{height:60px;}.wp-block-kadence-spacer.kt-block-spacer-15183_705c38-16 .kt-divider{border-top-width:1px;height:1px;border-top-color:#282828;width:35%;border-top-style:solid;}<\/style>\n<div class=\"wp-block-kadence-spacer aligncenter kt-block-spacer-15183_705c38-16\"><div class=\"kt-block-spacer kt-block-spacer-halign-left\"><hr class=\"kt-divider\"\/><\/div><\/div>\n\n<h3 class=\"wp-block-heading\">Contexte<\/h3>\n\n<p>La communaut\u00e9 chr\u00e9tienne des T\u00e9moins de J\u00e9hovah, qui s&rsquo;appelait \u00e9galement les \u00c9tudiants de la Bible, a \u00e9t\u00e9 syst\u00e9matiquement pers\u00e9cut\u00e9e \u00e0 partir de 1933 en Allemagne et, \u00e0 partir de 1938, dans l&rsquo;Europe domin\u00e9e par le national-socialisme.<\/p>\n\n<p>Pr\u00e8s de 14.000 T\u00e9moins de J\u00e9hovah &#8211; hommes et femmes &#8211; ont \u00e9t\u00e9 emprisonn\u00e9s, dont 4.200 dans des camps de concentration, o\u00f9 ils ont \u00e9t\u00e9 stigmatis\u00e9s par un \u00ab\u00a0coin violet\u00a0\u00bb. Au moins 1.750 T\u00e9moins de J\u00e9hovah ont perdu la vie. Parmi eux se trouve le plus grand groupe d&rsquo;objecteurs de conscience sous le nazisme. Leur sort a contribu\u00e9 \u00e0 l&rsquo;inscription du droit fondamental \u00e0 l&rsquo;objection de conscience dans la Loi fondamentale allemande. Les T\u00e9moins de J\u00e9hovah ont \u00e9galement \u00e9t\u00e9 pers\u00e9cut\u00e9s sous le communisme et dans de nombreux \u00c9tats autoritaires au cours du XXe si\u00e8cle, les victimes du nazisme \u00e9tant \u00e0 nouveau arr\u00eat\u00e9es et harcel\u00e9es.    <\/p>\n\n<p>Le 22 juin 2023, le Bundestag allemand a vot\u00e9 \u00e0 l&rsquo;unanimit\u00e9 la cr\u00e9ation d&rsquo;un m\u00e9morial pour les T\u00e9moins de J\u00e9hovah pers\u00e9cut\u00e9s et assassin\u00e9s sous le r\u00e9gime national-socialiste, sous l&rsquo;\u00e9gide de la fondation Denkmal f\u00fcr die ermordeten Juden Europas. Plus d&rsquo;informations : <a href=\"https:\/\/www.bundestag.de\/dokumente\/textarchiv\/2023\/kw25-de-mahnmal-zeugen-jehovas-953412\" target=\"_blank\" rel=\"noopener\">D\u00e9cision du Bundestag d&rsquo;\u00e9riger un m\u00e9morial pour les T\u00e9moins de J\u00e9hovah<\/a> <\/p>\n","protected":false},"excerpt":{"rendered":"<p>Le 24 juin 2025 a marqu\u00e9 le 92e anniversaire de l&rsquo;interdiction des \u00c9tudiants de la Bible (T\u00e9moins de J\u00e9hovah) en Prusse. La fondation Denkmal f\u00fcr die ermordeten Juden Europas (M\u00e9morial des Juifs assassin\u00e9s d&rsquo;Europe) et la fondation Arnold-Liebster ont lanc\u00e9 une invitation commune pour cette journ\u00e9e de comm\u00e9moration. L&rsquo;\u00e9v\u00e9nement s&rsquo;est d\u00e9roul\u00e9 sur le site du [&hellip;]<\/p>\n","protected":false},"author":1,"featured_media":13981,"comment_status":"closed","ping_status":"closed","sticky":false,"template":"","format":"standard","meta":{"inline_featured_image":false,"footnotes":""},"categories":[119,120],"tags":[234],"class_list":["post-15898","post","type-post","status-publish","format-standard","has-post-thumbnail","hentry","category-actualites","category-evenements","tag-top-row-fr"],"_links":{"self":[{"href":"https:\/\/alst.org\/fr\/wp-json\/wp\/v2\/posts\/15898","targetHints":{"allow":["GET"]}}],"collection":[{"href":"https:\/\/alst.org\/fr\/wp-json\/wp\/v2\/posts"}],"about":[{"href":"https:\/\/alst.org\/fr\/wp-json\/wp\/v2\/types\/post"}],"author":[{"embeddable":true,"href":"https:\/\/alst.org\/fr\/wp-json\/wp\/v2\/users\/1"}],"replies":[{"embeddable":true,"href":"https:\/\/alst.org\/fr\/wp-json\/wp\/v2\/comments?post=15898"}],"version-history":[{"count":4,"href":"https:\/\/alst.org\/fr\/wp-json\/wp\/v2\/posts\/15898\/revisions"}],"predecessor-version":[{"id":16739,"href":"https:\/\/alst.org\/fr\/wp-json\/wp\/v2\/posts\/15898\/revisions\/16739"}],"wp:featuredmedia":[{"embeddable":true,"href":"https:\/\/alst.org\/fr\/wp-json\/wp\/v2\/media\/13981"}],"wp:attachment":[{"href":"https:\/\/alst.org\/fr\/wp-json\/wp\/v2\/media?parent=15898"}],"wp:term":[{"taxonomy":"category","embeddable":true,"href":"https:\/\/alst.org\/fr\/wp-json\/wp\/v2\/categories?post=15898"},{"taxonomy":"post_tag","embeddable":true,"href":"https:\/\/alst.org\/fr\/wp-json\/wp\/v2\/tags?post=15898"}],"curies":[{"name":"wp","href":"https:\/\/api.w.org\/{rel}","templated":true}]}}