{"id":15872,"date":"2026-02-10T18:24:13","date_gmt":"2026-02-10T18:24:13","guid":{"rendered":"https:\/\/alst.org\/non-classifiee\/le-memorial-des-temoins-de-jehovah-persecutes-sera-inaugure-en-2026\/"},"modified":"2026-02-10T20:20:42","modified_gmt":"2026-02-10T20:20:42","slug":"le-memorial-des-temoins-de-jehovah-persecutes-sera-inaugure-en-2026","status":"publish","type":"post","link":"https:\/\/alst.org\/fr\/actualites\/le-memorial-des-temoins-de-jehovah-persecutes-sera-inaugure-en-2026\/","title":{"rendered":"Le m\u00e9morial des T\u00e9moins de J\u00e9hovah pers\u00e9cut\u00e9s sera inaugur\u00e9 le 24\/06\/2026"},"content":{"rendered":"\n<figure class=\"wp-block-image size-large\"><img fetchpriority=\"high\" decoding=\"async\" width=\"1024\" height=\"683\" src=\"https:\/\/alst.org\/wp-content\/uploads\/2026\/02\/Virtuelles-Modell-Mahnmal_Zeugen_Jehovas-1024x683.jpg\" alt=\"Mod&#xE8;le virtuel en 3D du m&#xE9;morial pr&#xE9;vu pour les T&#xE9;moins de J&#xE9;hovah pers&#xE9;cut&#xE9;s et assassin&#xE9;s sous le r&#xE9;gime national-socialiste : une fine colonne de pierre claire &#xE0; la surface facett&#xE9;e et de forme organique se dresse dans une clairi&#xE8;re ouverte, entour&#xE9;e d'arbres &#xE0; feuilles caduques. Une figure blanche servant de r&#xE9;f&#xE9;rence d'&#xE9;chelle indique la hauteur du m&#xE9;morial, soit environ quatre &#xE0; cinq m&#xE8;tres. Synth&#xE8;se d'images de Matthias Leeck, 2026.  \" class=\"wp-image-16391\" srcset=\"https:\/\/alst.org\/wp-content\/uploads\/2026\/02\/Virtuelles-Modell-Mahnmal_Zeugen_Jehovas-1024x683.jpg 1024w, https:\/\/alst.org\/wp-content\/uploads\/2026\/02\/Virtuelles-Modell-Mahnmal_Zeugen_Jehovas-300x200.jpg 300w, https:\/\/alst.org\/wp-content\/uploads\/2026\/02\/Virtuelles-Modell-Mahnmal_Zeugen_Jehovas-351x234.jpg 351w, https:\/\/alst.org\/wp-content\/uploads\/2026\/02\/Virtuelles-Modell-Mahnmal_Zeugen_Jehovas-768x512.jpg 768w, https:\/\/alst.org\/wp-content\/uploads\/2026\/02\/Virtuelles-Modell-Mahnmal_Zeugen_Jehovas-1536x1024.jpg 1536w, https:\/\/alst.org\/wp-content\/uploads\/2026\/02\/Virtuelles-Modell-Mahnmal_Zeugen_Jehovas-480x320.jpg 480w, https:\/\/alst.org\/wp-content\/uploads\/2026\/02\/Virtuelles-Modell-Mahnmal_Zeugen_Jehovas-640x427.jpg 640w, https:\/\/alst.org\/wp-content\/uploads\/2026\/02\/Virtuelles-Modell-Mahnmal_Zeugen_Jehovas-720x480.jpg 720w, https:\/\/alst.org\/wp-content\/uploads\/2026\/02\/Virtuelles-Modell-Mahnmal_Zeugen_Jehovas.jpg 1920w\" sizes=\"(max-width: 1024px) 100vw, 1024px\" \/><figcaption class=\"wp-element-caption\">Mod\u00e8le virtuel du M\u00e9morial aux T\u00e9moins de J\u00e9hovah pers\u00e9cut\u00e9s et assassin\u00e9s sous le r\u00e9gime national-socialiste, Matthias Leeck, synth\u00e8se d&rsquo;images, 2026<\/figcaption><\/figure>\n\n<p>Apr\u00e8s 15 ans d&rsquo;efforts intenses, le M\u00e9morial des T\u00e9moins de J\u00e9hovah pers\u00e9cut\u00e9s et assassin\u00e9s sous le r\u00e9gime national-socialiste va devenir r\u00e9alit\u00e9 : les travaux de construction d\u00e9buteront en mars 2026 dans le Tiergarten de Berlin, \u00e0 proximit\u00e9 de l&rsquo;\u00e9tang des Poissons d&rsquo;or. Le projet r\u00e9sulte d&rsquo;une d\u00e9cision du Bundestag allemand du 22 juin 2023 et est financ\u00e9 par le D\u00e9l\u00e9gu\u00e9 du gouvernement f\u00e9d\u00e9ral \u00e0 la culture et aux m\u00e9dias. La mise en \u0153uvre sera assur\u00e9e par la fondation Denkmal f\u00fcr die ermordeten Juden Europas<a href=\"https:\/\/www.stiftung-denkmal.de\" target=\"_blank\" data-type=\"link\" data-id=\"www.stiftung-denkmal.de\" rel=\"noreferrer noopener nofollow\">(www.stiftung-denkmal.de)<\/a>.  <\/p>\n\n<p>L&rsquo;artiste Matthias Leeck a con\u00e7u la simple sculpture en bronze en forme de tronc d&rsquo;arbre pour le lieu de comm\u00e9moration. L&rsquo;\u0153uvre d&rsquo;art mesure 4,95 m\u00e8tres de haut et p\u00e8se environ 10 tonnes. En raison de son poids, elle est transport\u00e9e sur le site en pi\u00e8ces d\u00e9tach\u00e9es et assembl\u00e9e sur place. Le lieu de comm\u00e9moration, ainsi qu&rsquo;un panneau d&rsquo;information, un chemin d&rsquo;acc\u00e8s et diverses plantations, s&rsquo;int\u00e8grent dans le monument paysager du Gro\u00dfer Tiergarten, conform\u00e9ment aux directives de l&rsquo;Office r\u00e9gional des monuments historiques.  <\/p>\n\n<p>La c\u00e9r\u00e9monie de remise du lieu de m\u00e9moire au public aura lieu le 24 juin 2026 lors d&rsquo;une c\u00e9r\u00e9monie d&rsquo;une heure. La pr\u00e9sidente du Bundestag Julia Kl\u00f6ckner, le ministre d&rsquo;\u00c9tat \u00e0 la Culture et aux M\u00e9dias Wolfram Weimer ainsi que la s\u00e9natrice de Berlin pour la Culture Sarah Wedl-Wilson y sont notamment attendus. La veille, la fondation Arnold-Liebster organisera une r\u00e9ception \u00e0 l&rsquo;Acad\u00e9mie des Arts sur la Pariser Platz. Vous trouverez plus de d\u00e9tails sur le programme autour de l&rsquo;inauguration sur <a href=\"https:\/\/www.stiftung-denkmal.de\/aktuelles\/errichtung-des-mahnmals-fuer-die-zeugen-jehovas-beginnt\/\" target=\"_blank\" data-type=\"link\" data-id=\"https:\/\/www.stiftung-denkmal.de\/aktuelles\/errichtung-des-mahnmals-fuer-die-zeugen-jehovas-beginnt\/\" rel=\"noreferrer noopener nofollow\">www.stiftung-denkmal.de\/aktuelles\/errichtung-des-mahnmals-fuer-die-zeugen-jehovas-beginnt\/.<\/a>   <\/p>\n\n<p>Le site situ\u00e9 \u00e0 proximit\u00e9 de l&rsquo;\u00e9tang des Poissons rouges a une signification historique particuli\u00e8re : c&rsquo;est l\u00e0 que la Gestapo a men\u00e9 une op\u00e9ration d&rsquo;arrestation contre des T\u00e9moins de J\u00e9hovah de premier plan le 22 ao\u00fbt 1936. La communaut\u00e9 religieuse a \u00e9t\u00e9 syst\u00e9matiquement pers\u00e9cut\u00e9e en Allemagne depuis 1933 et dans toute l&rsquo;Europe domin\u00e9e par le nazisme \u00e0 partir de 1938. Pr\u00e8s de 14.000 T\u00e9moins de J\u00e9hovah ont \u00e9t\u00e9 emprisonn\u00e9s, dont 4.200 dans des camps de concentration, o\u00f9 ils \u00e9taient stigmatis\u00e9s par un \u00ab\u00a0coin violet\u00a0\u00bb. Au moins 1.700 d&rsquo;entre eux ont perdu la vie.   <\/p>\n\n<p><\/p>\n","protected":false},"excerpt":{"rendered":"<p>Apr\u00e8s 15 ans d&rsquo;efforts intenses, le M\u00e9morial des T\u00e9moins de J\u00e9hovah pers\u00e9cut\u00e9s et assassin\u00e9s sous le r\u00e9gime national-socialiste va devenir r\u00e9alit\u00e9 : les travaux de construction d\u00e9buteront en mars 2026 dans le Tiergarten de Berlin, \u00e0 proximit\u00e9 de l&rsquo;\u00e9tang des Poissons d&rsquo;or. Le projet r\u00e9sulte d&rsquo;une d\u00e9cision du Bundestag allemand du 22 juin 2023 et [&hellip;]<\/p>\n","protected":false},"author":1,"featured_media":16393,"comment_status":"closed","ping_status":"closed","sticky":false,"template":"","format":"standard","meta":{"inline_featured_image":false,"footnotes":""},"categories":[119],"tags":[],"class_list":["post-15872","post","type-post","status-publish","format-standard","has-post-thumbnail","hentry","category-actualites"],"_links":{"self":[{"href":"https:\/\/alst.org\/fr\/wp-json\/wp\/v2\/posts\/15872","targetHints":{"allow":["GET"]}}],"collection":[{"href":"https:\/\/alst.org\/fr\/wp-json\/wp\/v2\/posts"}],"about":[{"href":"https:\/\/alst.org\/fr\/wp-json\/wp\/v2\/types\/post"}],"author":[{"embeddable":true,"href":"https:\/\/alst.org\/fr\/wp-json\/wp\/v2\/users\/1"}],"replies":[{"embeddable":true,"href":"https:\/\/alst.org\/fr\/wp-json\/wp\/v2\/comments?post=15872"}],"version-history":[{"count":5,"href":"https:\/\/alst.org\/fr\/wp-json\/wp\/v2\/posts\/15872\/revisions"}],"predecessor-version":[{"id":16464,"href":"https:\/\/alst.org\/fr\/wp-json\/wp\/v2\/posts\/15872\/revisions\/16464"}],"wp:featuredmedia":[{"embeddable":true,"href":"https:\/\/alst.org\/fr\/wp-json\/wp\/v2\/media\/16393"}],"wp:attachment":[{"href":"https:\/\/alst.org\/fr\/wp-json\/wp\/v2\/media?parent=15872"}],"wp:term":[{"taxonomy":"category","embeddable":true,"href":"https:\/\/alst.org\/fr\/wp-json\/wp\/v2\/categories?post=15872"},{"taxonomy":"post_tag","embeddable":true,"href":"https:\/\/alst.org\/fr\/wp-json\/wp\/v2\/tags?post=15872"}],"curies":[{"name":"wp","href":"https:\/\/api.w.org\/{rel}","templated":true}]}}