{"id":14307,"date":"2024-09-17T16:52:17","date_gmt":"2024-09-17T16:52:17","guid":{"rendered":"https:\/\/alst.org\/non-classifiee\/premiere-stolperstein-pierre-dachoppement-pour-les-temoins-de-jehovah-de-schwerin\/"},"modified":"2024-09-20T13:23:08","modified_gmt":"2024-09-20T13:23:08","slug":"premiere-stolperstein-pierre-dachoppement-pour-les-temoins-de-jehovah-de-schwerin","status":"publish","type":"post","link":"https:\/\/alst.org\/fr\/actualites\/premiere-stolperstein-pierre-dachoppement-pour-les-temoins-de-jehovah-de-schwerin\/","title":{"rendered":"Premi\u00e8re Stolperstein (pierre d&rsquo;achoppement) pour les T\u00e9moins de J\u00e9hovah de Schwerin"},"content":{"rendered":"\n<figure class=\"wp-block-image size-large\"><img fetchpriority=\"high\" decoding=\"async\" width=\"1024\" height=\"631\" src=\"https:\/\/alst.org\/wp-content\/uploads\/2024\/09\/Abbildung-Emma-Tiesel_1120-1024x631.jpg\" alt=\"Photo d'Emma Tiesel avec sa petite-fille Johanna, 1954. (Source : priv&#xE9;e.) \" class=\"wp-image-14280\" srcset=\"https:\/\/alst.org\/wp-content\/uploads\/2024\/09\/Abbildung-Emma-Tiesel_1120-1024x631.jpg 1024w, https:\/\/alst.org\/wp-content\/uploads\/2024\/09\/Abbildung-Emma-Tiesel_1120-300x185.jpg 300w, https:\/\/alst.org\/wp-content\/uploads\/2024\/09\/Abbildung-Emma-Tiesel_1120-354x218.jpg 354w, https:\/\/alst.org\/wp-content\/uploads\/2024\/09\/Abbildung-Emma-Tiesel_1120-768x473.jpg 768w, https:\/\/alst.org\/wp-content\/uploads\/2024\/09\/Abbildung-Emma-Tiesel_1120-480x296.jpg 480w, https:\/\/alst.org\/wp-content\/uploads\/2024\/09\/Abbildung-Emma-Tiesel_1120-640x394.jpg 640w, https:\/\/alst.org\/wp-content\/uploads\/2024\/09\/Abbildung-Emma-Tiesel_1120-720x444.jpg 720w, https:\/\/alst.org\/wp-content\/uploads\/2024\/09\/Abbildung-Emma-Tiesel_1120.jpg 1120w\" sizes=\"(max-width: 1024px) 100vw, 1024px\" \/><figcaption class=\"wp-element-caption\">Emma Tiesel avec sa petite-fille Johanna, 1954. (Source : priv\u00e9e.) <\/figcaption><\/figure>\n\n<p>Le 25 septembre 2024, une Stolperstein sera pos\u00e9e \u00e0 Schwerin en m\u00e9moire d&rsquo;Emma Tiesel, t\u00e9moin de J\u00e9hovah. C&rsquo;est la premi\u00e8re fois que la capitale du Land de Mecklembourg-Pom\u00e9ranie occidentale rend hommage \u00e0 un membre de la communaut\u00e9 religieuse pers\u00e9cut\u00e9 sous le r\u00e9gime national-socialiste. <\/p>\n\n<p>Les \u00c9tudiants de la Bible \u00e9taient d\u00e9j\u00e0 actifs \u00e0 Schwerin avant la Premi\u00e8re Guerre mondiale et leur communaut\u00e9, qui comptait environ 120 personnes dans les ann\u00e9es 1920, \u00e9tait la plus importante de ce qui \u00e9tait alors le Mecklembourg. Apr\u00e8s leur interdiction par les nazis en 1933, les T\u00e9moins de J\u00e9hovah de Schwerin ont transf\u00e9r\u00e9 leurs activit\u00e9s religieuses dans l&rsquo;ill\u00e9galit\u00e9. Emma Tiesel joua le r\u00f4le de \u00ab\u00a0serviteur de groupe\u00a0\u00bb responsable. C&rsquo;est dans l&rsquo;appartement familial que se tenaient les r\u00e9unions et que se trouvait le point de contact r\u00e9gional pour la litt\u00e9rature de la communaut\u00e9 religieuse imprim\u00e9e \u00e0 l&rsquo;\u00e9tranger et introduite en fraude dans le Reich allemand.   <\/p>\n\n<p>Le 1er mars 1937, apr\u00e8s une campagne d&rsquo;arrestations, le tribunal sp\u00e9cial de Schwerin a jug\u00e9 douze T\u00e9moins de J\u00e9hovah. Emma Tiesel fut condamn\u00e9e \u00e0 neuf mois de prison. Selon son dossier p\u00e9nal, elle \u00e9tait \u00ab\u00a0consid\u00e9r\u00e9e comme une (\u00c9tudiante de la Bible) particuli\u00e8rement z\u00e9l\u00e9e et a enfreint l&rsquo;interdiction en tenant la r\u00e9union et en acceptant la litt\u00e9rature\u00a0\u00bb. Elle a purg\u00e9 sa peine dans les prisons de Dreibergen-B\u00fctzow et de Sch\u00f6nberg. A Dreibergen-B\u00fctzow, elle s&rsquo;\u00e9tait pr\u00e9sent\u00e9e chez le m\u00e9decin pour un mal de gorge, \u00e0 la suite duquel on lui avait donn\u00e9 un verre contenant un liquide \u00e0 gargariser. Le liquide lui a br\u00fbl\u00e9 la bouche et l&rsquo;\u0153sophage &#8211; on ne sait pas si c&rsquo;\u00e9tait accidentel ou intentionnel. En raison de son \u00e9tat de sant\u00e9, elle a \u00e9t\u00e9 lib\u00e9r\u00e9e le 30 d\u00e9cembre 1937. Emma Tiesel a souffert des cons\u00e9quences de la br\u00fblure chimique jusqu&rsquo;\u00e0 la fin de sa vie.       <\/p>\n\n<p>Apr\u00e8s la fin de la Seconde Guerre mondiale, la libert\u00e9 de culte en Allemagne de l&rsquo;Est n&rsquo;a dur\u00e9 que peu de temps. Fin ao\u00fbt 1950, les T\u00e9moins de J\u00e9hovah furent \u00e0 nouveau interdits en RDA, ce qui s&rsquo;accompagna d&rsquo;une campagne d&rsquo;arrestations et d&rsquo;une vague de proc\u00e8s au cours desquels de nombreux hommes et femmes furent condamn\u00e9s \u00e0 la r\u00e9clusion. Emma Tiesel re\u00e7ut en septembre 1950 un avertissement priv\u00e9 de son arrestation imminente. Elle quitta imm\u00e9diatement sa maison avec sa fille et s&rsquo;enfuit \u00e0 Berlin-Ouest. Trente minutes plus tard, l&rsquo;appartement \u00e9tait occup\u00e9 par la Staatssicherheit afin d&rsquo;arr\u00eater les occupants \u00e0 leur retour. Son mari, August Tiesel, se cacha encore quelques jours, mais s&rsquo;enfuit \u00e9galement \u00e0 Berlin-Ouest. Arriv\u00e9e l\u00e0-bas en tant que r\u00e9fugi\u00e9e, la famille a d\u00fb se reconstruire une nouvelle vie.      <\/p>\n\n<p>Le 25 septembre 2024, vers 15h00, une Stolperstein (pierre d&rsquo;achoppement) sera pos\u00e9e \u00e0 Schwerin, au 6 de la Heinrich-Mann-Strasse, en pr\u00e9sence de membres de la famille d&rsquo;Emma Tiesel. En outre, \u00e0 17h00, une c\u00e9r\u00e9monie centrale de comm\u00e9moration aura lieu sur la rive sud du Pfaffenteich de Schwerin, \u00e0 l&rsquo;occasion de la pose des pierres d&rsquo;achoppement de cette ann\u00e9e \u00e0 Schwerin.<\/p>\n\n<p><\/p>\n","protected":false},"excerpt":{"rendered":"<p>Le 25 septembre 2024, une Stolperstein sera pos\u00e9e \u00e0 Schwerin en m\u00e9moire d&rsquo;Emma Tiesel, t\u00e9moin de J\u00e9hovah. C&rsquo;est la premi\u00e8re fois que la capitale du Land de Mecklembourg-Pom\u00e9ranie occidentale rend hommage \u00e0 un membre de la communaut\u00e9 religieuse pers\u00e9cut\u00e9 sous le r\u00e9gime national-socialiste. Les \u00c9tudiants de la Bible \u00e9taient d\u00e9j\u00e0 actifs \u00e0 Schwerin avant la [&hellip;]<\/p>\n","protected":false},"author":1,"featured_media":14282,"comment_status":"closed","ping_status":"closed","sticky":false,"template":"","format":"standard","meta":{"inline_featured_image":false,"footnotes":""},"categories":[119,120],"tags":[],"class_list":["post-14307","post","type-post","status-publish","format-standard","has-post-thumbnail","hentry","category-actualites","category-evenements"],"_links":{"self":[{"href":"https:\/\/alst.org\/fr\/wp-json\/wp\/v2\/posts\/14307","targetHints":{"allow":["GET"]}}],"collection":[{"href":"https:\/\/alst.org\/fr\/wp-json\/wp\/v2\/posts"}],"about":[{"href":"https:\/\/alst.org\/fr\/wp-json\/wp\/v2\/types\/post"}],"author":[{"embeddable":true,"href":"https:\/\/alst.org\/fr\/wp-json\/wp\/v2\/users\/1"}],"replies":[{"embeddable":true,"href":"https:\/\/alst.org\/fr\/wp-json\/wp\/v2\/comments?post=14307"}],"version-history":[{"count":4,"href":"https:\/\/alst.org\/fr\/wp-json\/wp\/v2\/posts\/14307\/revisions"}],"predecessor-version":[{"id":14327,"href":"https:\/\/alst.org\/fr\/wp-json\/wp\/v2\/posts\/14307\/revisions\/14327"}],"wp:featuredmedia":[{"embeddable":true,"href":"https:\/\/alst.org\/fr\/wp-json\/wp\/v2\/media\/14282"}],"wp:attachment":[{"href":"https:\/\/alst.org\/fr\/wp-json\/wp\/v2\/media?parent=14307"}],"wp:term":[{"taxonomy":"category","embeddable":true,"href":"https:\/\/alst.org\/fr\/wp-json\/wp\/v2\/categories?post=14307"},{"taxonomy":"post_tag","embeddable":true,"href":"https:\/\/alst.org\/fr\/wp-json\/wp\/v2\/tags?post=14307"}],"curies":[{"name":"wp","href":"https:\/\/api.w.org\/{rel}","templated":true}]}}