{"id":12602,"date":"2023-11-28T16:49:36","date_gmt":"2023-11-28T16:49:36","guid":{"rendered":"https:\/\/alst.org\/non-classifiee\/remise-de-la-croix-de-chevalier-de-lordre-du-merite-de-la-republique-federale-dallemagne-a-simone-arnold-liebster\/"},"modified":"2024-03-12T06:30:59","modified_gmt":"2024-03-12T06:30:59","slug":"remise-de-lordre-du-merite-de-la-republique-federale-dallemagne-a-simone-arnold-liebster","status":"publish","type":"post","link":"https:\/\/alst.org\/fr\/actualites\/remise-de-lordre-du-merite-de-la-republique-federale-dallemagne-a-simone-arnold-liebster\/","title":{"rendered":"Remise de l&rsquo;Ordre du M\u00e9rite de la R\u00e9publique f\u00e9d\u00e9rale d&rsquo;Allemagne \u00e0 Simone Arnold-Liebster"},"content":{"rendered":"<figure class=\"wp-block-post-featured-image\"><img fetchpriority=\"high\" decoding=\"async\" width=\"1300\" height=\"732\" src=\"https:\/\/alst.org\/wp-content\/uploads\/2023\/12\/video-simone.jpg\" class=\"attachment-post-thumbnail size-post-thumbnail wp-post-image\" alt=\"Photo de Simone Arnold-Liebster lors d&#039;une conf\u00e9rence Zoom\" style=\"object-fit:cover;\" srcset=\"https:\/\/alst.org\/wp-content\/uploads\/2023\/12\/video-simone.jpg 1300w, https:\/\/alst.org\/wp-content\/uploads\/2023\/12\/video-simone-300x169.jpg 300w, https:\/\/alst.org\/wp-content\/uploads\/2023\/12\/video-simone-1024x577.jpg 1024w, https:\/\/alst.org\/wp-content\/uploads\/2023\/12\/video-simone-354x199.jpg 354w, https:\/\/alst.org\/wp-content\/uploads\/2023\/12\/video-simone-768x432.jpg 768w\" sizes=\"(max-width: 1300px) 100vw, 1300px\" \/><\/figure>\n<p>Le pr\u00e9sident de la R\u00e9publique f\u00e9d\u00e9rale d&rsquo;Allemagne, Monsieur Frank-Walter Steinmeier, a conf\u00e9r\u00e9 \u00e0 Simone Arnold-Liebster l&rsquo;Ordre du M\u00e9rite de la R\u00e9publique f\u00e9d\u00e9rale d&rsquo;Allemagne en signe de reconnaissance pour son engagement en faveur de la pr\u00e9servation et de la transmission de la m\u00e9moire de la tyrannie nazie. Cette distinction r\u00e9compense \u00e0 juste titre son engagement remarquable. <\/p>\n\n<p>Les insignes seront remis par le Consul g\u00e9n\u00e9ral d&rsquo;Allemagne, Monsieur Thomas Pr\u00f6pstl, le 15.12.2023 lors d&rsquo;une c\u00e9r\u00e9monie au Ch\u00e2teau de Candie, F-73000 Chamb\u00e9ry.<\/p>\n\n<p><a href=\"https:\/\/alst.org\/wp-content\/uploads\/2023\/11\/Mitteilung-Verleihung-Bundesverdienstkreuz-Simone-Arnold-Liebster_geschwaerzt.pdf\" data-type=\"attachment\" data-id=\"12575\">Communiqu\u00e9 de l&rsquo;ambassade d&rsquo;Allemagne<\/a><\/p>\n\n<p><a href=\"https:\/\/alst.org\/wp-content\/uploads\/2023\/11\/Mitteilung-Verleihung-Bundesverdienstkreuz-Simone-Arnold-Liebster-Deutsch.pdf\" data-type=\"attachment\" data-id=\"12580\">Traduction en allemand<\/a><\/p>\n","protected":false},"excerpt":{"rendered":"<p>Le pr\u00e9sident de la R\u00e9publique f\u00e9d\u00e9rale d&rsquo;Allemagne, Monsieur Frank-Walter Steinmeier, a conf\u00e9r\u00e9 \u00e0 Simone Arnold-Liebster l&rsquo;Ordre du M\u00e9rite de la R\u00e9publique f\u00e9d\u00e9rale d&rsquo;Allemagne en signe de reconnaissance pour son engagement en faveur de la pr\u00e9servation et de la transmission de la m\u00e9moire de la tyrannie nazie. Cette distinction r\u00e9compense \u00e0 juste titre son engagement remarquable. [&hellip;]<\/p>\n","protected":false},"author":1,"featured_media":13087,"comment_status":"closed","ping_status":"closed","sticky":false,"template":"","format":"standard","meta":{"inline_featured_image":false,"footnotes":""},"categories":[119,120],"tags":[],"class_list":["post-12602","post","type-post","status-publish","format-standard","has-post-thumbnail","hentry","category-actualites","category-evenements"],"_links":{"self":[{"href":"https:\/\/alst.org\/fr\/wp-json\/wp\/v2\/posts\/12602","targetHints":{"allow":["GET"]}}],"collection":[{"href":"https:\/\/alst.org\/fr\/wp-json\/wp\/v2\/posts"}],"about":[{"href":"https:\/\/alst.org\/fr\/wp-json\/wp\/v2\/types\/post"}],"author":[{"embeddable":true,"href":"https:\/\/alst.org\/fr\/wp-json\/wp\/v2\/users\/1"}],"replies":[{"embeddable":true,"href":"https:\/\/alst.org\/fr\/wp-json\/wp\/v2\/comments?post=12602"}],"version-history":[{"count":10,"href":"https:\/\/alst.org\/fr\/wp-json\/wp\/v2\/posts\/12602\/revisions"}],"predecessor-version":[{"id":13084,"href":"https:\/\/alst.org\/fr\/wp-json\/wp\/v2\/posts\/12602\/revisions\/13084"}],"wp:featuredmedia":[{"embeddable":true,"href":"https:\/\/alst.org\/fr\/wp-json\/wp\/v2\/media\/13087"}],"wp:attachment":[{"href":"https:\/\/alst.org\/fr\/wp-json\/wp\/v2\/media?parent=12602"}],"wp:term":[{"taxonomy":"category","embeddable":true,"href":"https:\/\/alst.org\/fr\/wp-json\/wp\/v2\/categories?post=12602"},{"taxonomy":"post_tag","embeddable":true,"href":"https:\/\/alst.org\/fr\/wp-json\/wp\/v2\/tags?post=12602"}],"curies":[{"name":"wp","href":"https:\/\/api.w.org\/{rel}","templated":true}]}}