{"id":5540,"date":"2022-03-02T13:44:57","date_gmt":"2022-03-02T13:44:57","guid":{"rendered":"https:\/\/alst.org\/?p=5540"},"modified":"2024-03-12T06:32:01","modified_gmt":"2024-03-12T06:32:01","slug":"friedrich-adler-1889-1970","status":"publish","type":"post","link":"https:\/\/alst.org\/es\/educacion\/biografias\/friedrich-adler-1889-1970\/","title":{"rendered":"Friedrich Adler (1889-1970)"},"content":{"rendered":"\n<figure class=\"wp-block-image alignleft size-full\"><img decoding=\"async\" width=\"144\" height=\"200\" src=\"https:\/\/alst.org\/wp-content\/uploads\/2022\/03\/Friedrich-Adler.jpeg\" alt=\"Foto de Friedrich Adler\" class=\"wp-image-1897\"\/><figcaption>Foto von Friedrich Adler<\/figcaption><\/figure>\n\n\n\n<p>Friedrich (Fritz) Adler naci\u00f3 en Lugau en el distrito de Chemnitz. Cartero hasta 1925, trabaj\u00f3 despu\u00e9s a tiempo completo como predicador itinerante.<\/p>\n\n\n\n<p>En junio de 1935, fue arrestado y condenado a 18 meses de prisi\u00f3n por el tribunal de excepci\u00f3n de Halle. Al purgar su pena, prosigui\u00f3 con su actividad religiosa, lo que le llev\u00f3 a nuevas estancias en prisi\u00f3n. Las autoridades penitenciarias lo remitieron finalmente a la Gestapo que lo encarcel\u00f3 en Buchenwald con el n\u00famero 1808. Lo emplearon como secretario del comandante del campo, Arthur R\u00f6dl, y tuvo as\u00ed la posibilidad de ayudar de diferentes modos a otros detenidos entre los que se hallaban centenas de \u00ab&nbsp;Tri\u00e1ngulos p\u00farpura&nbsp;\u00bb.<\/p>\n\n\n\n<p>Despu\u00e9s de la guerra, ejerci\u00f3 libremente su actividad religiosa hasta 1950 cuando fue arrestado por la Stasi, la polic\u00eda secreta de Alemania del este, por motivo de espionaje y condenado a la prisi\u00f3n de por vida en un proceso espectacular. La pena fue restablecida posteriormente a quince a\u00f1os de reclusi\u00f3n que purg\u00f3 principalmente en una celda aislada.<br>Fue liberado en agosto de 1964 y se instal\u00f3 en Alemania del Oeste. Falleci\u00f3 el 2 de diciembre de 1970 y fue inhumado en Wiesbaden.<\/p>\n\n\n\n<p>En total, soport\u00f3 veinticuatro a\u00f1os de detenci\u00f3n&nbsp;: nueve en diversos campos y c\u00e1rceles del r\u00e9gimen nazi, y quince en una prisi\u00f3n bajo el r\u00e9gimen comunista de Alemania del Este.<\/p>\n","protected":false},"excerpt":{"rendered":"<p>Friedrich (Fritz) Adler naci\u00f3 en Lugau en el distrito de Chemnitz. Cartero hasta 1925, trabaj\u00f3 despu\u00e9s a tiempo completo como predicador itinerante. En junio de 1935, fue arrestado y condenado a 18 meses de prisi\u00f3n por el tribunal de excepci\u00f3n de Halle. Al purgar su pena, prosigui\u00f3 con su actividad religiosa, lo que le llev\u00f3 [&hellip;]<\/p>\n","protected":false},"author":1,"featured_media":1897,"comment_status":"closed","ping_status":"closed","sticky":false,"template":"","format":"standard","meta":{"inline_featured_image":false,"footnotes":""},"categories":[128,142],"tags":[],"class_list":["post-5540","post","type-post","status-publish","format-standard","has-post-thumbnail","hentry","category-biografias","category-biografias-es"],"_links":{"self":[{"href":"https:\/\/alst.org\/es\/wp-json\/wp\/v2\/posts\/5540","targetHints":{"allow":["GET"]}}],"collection":[{"href":"https:\/\/alst.org\/es\/wp-json\/wp\/v2\/posts"}],"about":[{"href":"https:\/\/alst.org\/es\/wp-json\/wp\/v2\/types\/post"}],"author":[{"embeddable":true,"href":"https:\/\/alst.org\/es\/wp-json\/wp\/v2\/users\/1"}],"replies":[{"embeddable":true,"href":"https:\/\/alst.org\/es\/wp-json\/wp\/v2\/comments?post=5540"}],"version-history":[{"count":2,"href":"https:\/\/alst.org\/es\/wp-json\/wp\/v2\/posts\/5540\/revisions"}],"predecessor-version":[{"id":9336,"href":"https:\/\/alst.org\/es\/wp-json\/wp\/v2\/posts\/5540\/revisions\/9336"}],"wp:featuredmedia":[{"embeddable":true,"href":"https:\/\/alst.org\/es\/wp-json\/wp\/v2\/media\/1897"}],"wp:attachment":[{"href":"https:\/\/alst.org\/es\/wp-json\/wp\/v2\/media?parent=5540"}],"wp:term":[{"taxonomy":"category","embeddable":true,"href":"https:\/\/alst.org\/es\/wp-json\/wp\/v2\/categories?post=5540"},{"taxonomy":"post_tag","embeddable":true,"href":"https:\/\/alst.org\/es\/wp-json\/wp\/v2\/tags?post=5540"}],"curies":[{"name":"wp","href":"https:\/\/api.w.org\/{rel}","templated":true}]}}