{"id":5509,"date":"2022-03-01T14:14:42","date_gmt":"2022-03-01T14:14:42","guid":{"rendered":"https:\/\/alst.org\/?p=5509"},"modified":"2024-03-12T06:32:01","modified_gmt":"2024-03-12T06:32:01","slug":"rudolph-graichen","status":"publish","type":"post","link":"https:\/\/alst.org\/es\/educacion\/entrevistas-a-testigos-presenciales\/rudolph-graichen\/","title":{"rendered":"Rudolph Graichen"},"content":{"rendered":"\n<p>Durante el a\u00f1o escolar de 2007, los estudiantes del octavo curso de la\u00a0<em>Academia Columbia Explorers<\/em>\u00a0(Chicago, Illinois) le plantearon a Rudolf Graichen dos preguntas sobre su experiencia personal.<\/p>\n\n\n\n<figure class=\"wp-block-image aligncenter size-full\"><img decoding=\"async\" width=\"250\" height=\"187\" src=\"https:\/\/alst.org\/wp-content\/uploads\/2022\/03\/rudolf-graichen-now.jpeg\" alt=\"Foto de Rudolf Graichen\" class=\"wp-image-1613\"\/><\/figure>\n\n\n\n<p><a href=\"https:\/\/alst.org\/es\/educacion\/entrevistas-a-testigos-presenciales\/dos-sobrevivientes-responden-a-las-preguntas-del-alumnado-rudolph-graichen-pregunta-1\/\" data-type=\"post\" data-id=\"5511\">Pregunta 1 :<br>\u00bfC\u00f3mo se sinti\u00f3 cuando fue llevado a prisi\u00f3n en dos ocasiones?<\/a><\/p>\n\n\n\n<p><a href=\"https:\/\/alst.org\/es\/educacion\/entrevistas-a-testigos-presenciales\/dos-sobrevivientes-responden-a-las-preguntas-del-alumnado-rudolph-graichen-pregunta-2\/\" data-type=\"post\" data-id=\"5513\">Pregunta 2 :<br>\u00bfComo sobrevivi\u00f3 al Holocausto?<\/a><\/p>\n\n\n\n<h4 class=\"wp-block-heading\"><strong>Sobreviviente de una prisi\u00f3n nazi<\/strong><\/h4>\n\n\n\n<p>El maestro dijo: \u00abTodos ustedes deber\u00edan vestir el uniforme de las juventudes hitlerianas y as\u00ed todos los ver\u00e1n como bueno muchachos hitlerianos\u00bb. \u00abYo me morir\u00eda antes que ponerme un uniforme nazi.\u00bb<\/p>\n\n\n\n<h4 class=\"wp-block-heading\">RUDOLF GRAICHEN<\/h4>\n\n\n\n<figure class=\"wp-block-image alignleft size-full\"><img decoding=\"async\" width=\"156\" height=\"200\" src=\"https:\/\/alst.org\/wp-content\/uploads\/2022\/03\/rudolf-raichen-youth.jpeg\" alt=\"Foto de Rudolf Foto de Rudolf Graichen de ni\u00f1o\" class=\"wp-image-1599\"\/><\/figure>\n\n\n\n<p>Rudolf naci\u00f3 en 1925, en Alemania. En 1937 la Gestapo arrest\u00f3 a todos los varones de la congregaci\u00f3n local. El padre de Rudolf fue sentenciado a cinco a\u00f1os de prisi\u00f3n. Con apenas 12 a\u00f1os, Rudolf se enfrent\u00f3 a una presi\u00f3n intensa para unirse a las juventudes hitlerianas. En 1938, la polic\u00eda sac\u00f3 a Rudolf, junto con su hermana, y los llevaron a un reformatorio. Despu\u00e9s se los envi\u00f3 a la casa de una familia nazi. En 1943, Rudolf fue sentenciado a cuatro a\u00f1os de prisi\u00f3n, fue confinado por m\u00e1s de un a\u00f1o, solo, en Stollberg. Poco antes de la liberaci\u00f3n, su madre muri\u00f3 en el campo de concentraci\u00f3n de Ravensbr\u00fcck. Rudolf fue puesto en libertad al fin de la guerra. En 1950, fue torturado por la polic\u00eda de Alemania oriental y sentenciado a cuatro a\u00f1os de prisi\u00f3n. Grainchen reside ahora en Brady, Texas.<\/p>\n","protected":false},"excerpt":{"rendered":"<p>Durante el a\u00f1o escolar de 2007, los estudiantes del octavo curso de la\u00a0Academia Columbia Explorers\u00a0(Chicago, Illinois) le plantearon a Rudolf Graichen dos preguntas sobre su experiencia personal. Pregunta 1 :\u00bfC\u00f3mo se sinti\u00f3 cuando fue llevado a prisi\u00f3n en dos ocasiones? Pregunta 2 :\u00bfComo sobrevivi\u00f3 al Holocausto? Sobreviviente de una prisi\u00f3n nazi El maestro dijo: \u00abTodos [&hellip;]<\/p>\n","protected":false},"author":1,"featured_media":1613,"comment_status":"closed","ping_status":"closed","sticky":false,"template":"","format":"standard","meta":{"inline_featured_image":false,"footnotes":""},"categories":[133,144],"tags":[],"class_list":["post-5509","post","type-post","status-publish","format-standard","has-post-thumbnail","hentry","category-entrevistas-a-testigos-presenciales","category-entrevistas-de-historia-oral"],"_links":{"self":[{"href":"https:\/\/alst.org\/es\/wp-json\/wp\/v2\/posts\/5509","targetHints":{"allow":["GET"]}}],"collection":[{"href":"https:\/\/alst.org\/es\/wp-json\/wp\/v2\/posts"}],"about":[{"href":"https:\/\/alst.org\/es\/wp-json\/wp\/v2\/types\/post"}],"author":[{"embeddable":true,"href":"https:\/\/alst.org\/es\/wp-json\/wp\/v2\/users\/1"}],"replies":[{"embeddable":true,"href":"https:\/\/alst.org\/es\/wp-json\/wp\/v2\/comments?post=5509"}],"version-history":[{"count":3,"href":"https:\/\/alst.org\/es\/wp-json\/wp\/v2\/posts\/5509\/revisions"}],"predecessor-version":[{"id":9322,"href":"https:\/\/alst.org\/es\/wp-json\/wp\/v2\/posts\/5509\/revisions\/9322"}],"wp:featuredmedia":[{"embeddable":true,"href":"https:\/\/alst.org\/es\/wp-json\/wp\/v2\/media\/1613"}],"wp:attachment":[{"href":"https:\/\/alst.org\/es\/wp-json\/wp\/v2\/media?parent=5509"}],"wp:term":[{"taxonomy":"category","embeddable":true,"href":"https:\/\/alst.org\/es\/wp-json\/wp\/v2\/categories?post=5509"},{"taxonomy":"post_tag","embeddable":true,"href":"https:\/\/alst.org\/es\/wp-json\/wp\/v2\/tags?post=5509"}],"curies":[{"name":"wp","href":"https:\/\/api.w.org\/{rel}","templated":true}]}}