{"id":15880,"date":"2026-02-10T18:24:13","date_gmt":"2026-02-10T18:24:13","guid":{"rendered":"https:\/\/alst.org\/sin-categorizar\/el-monumento-a-los-testigos-de-jehova-perseguidos-se-inaugurara-en-2026\/"},"modified":"2026-02-10T20:21:29","modified_gmt":"2026-02-10T20:21:29","slug":"el-monumento-a-los-testigos-de-jehova-perseguidos-se-inaugurara-en-2026","status":"publish","type":"post","link":"https:\/\/alst.org\/es\/noticias\/el-monumento-a-los-testigos-de-jehova-perseguidos-se-inaugurara-en-2026\/","title":{"rendered":"El Memorial de los Testigos de Jehov\u00e1 perseguidos se inaugurar\u00e1 el 24 de junio de 2026"},"content":{"rendered":"\n<figure class=\"wp-block-image size-large\"><img fetchpriority=\"high\" decoding=\"async\" width=\"1024\" height=\"683\" src=\"https:\/\/alst.org\/wp-content\/uploads\/2026\/02\/Virtuelles-Modell-Mahnmal_Zeugen_Jehovas-1024x683.jpg\" alt=\"Modelo virtual en 3D del proyectado monumento conmemorativo a los Testigos de Jehov&#xE1; perseguidos y asesinados bajo el nacionalsocialismo: una esbelta columna de piedra clara con una superficie facetada y de forma org&#xE1;nica se alza en un claro rodeada de &#xE1;rboles de hoja caduca. Una figura blanca como referencia de escala ilustra la altura del monumento conmemorativo, de unos cuatro o cinco metros. S&#xED;ntesis de imagen de Matthias Leeck, 2026.  \" class=\"wp-image-16391\" srcset=\"https:\/\/alst.org\/wp-content\/uploads\/2026\/02\/Virtuelles-Modell-Mahnmal_Zeugen_Jehovas-1024x683.jpg 1024w, https:\/\/alst.org\/wp-content\/uploads\/2026\/02\/Virtuelles-Modell-Mahnmal_Zeugen_Jehovas-300x200.jpg 300w, https:\/\/alst.org\/wp-content\/uploads\/2026\/02\/Virtuelles-Modell-Mahnmal_Zeugen_Jehovas-351x234.jpg 351w, https:\/\/alst.org\/wp-content\/uploads\/2026\/02\/Virtuelles-Modell-Mahnmal_Zeugen_Jehovas-768x512.jpg 768w, https:\/\/alst.org\/wp-content\/uploads\/2026\/02\/Virtuelles-Modell-Mahnmal_Zeugen_Jehovas-1536x1024.jpg 1536w, https:\/\/alst.org\/wp-content\/uploads\/2026\/02\/Virtuelles-Modell-Mahnmal_Zeugen_Jehovas-480x320.jpg 480w, https:\/\/alst.org\/wp-content\/uploads\/2026\/02\/Virtuelles-Modell-Mahnmal_Zeugen_Jehovas-640x427.jpg 640w, https:\/\/alst.org\/wp-content\/uploads\/2026\/02\/Virtuelles-Modell-Mahnmal_Zeugen_Jehovas-720x480.jpg 720w, https:\/\/alst.org\/wp-content\/uploads\/2026\/02\/Virtuelles-Modell-Mahnmal_Zeugen_Jehovas.jpg 1920w\" sizes=\"(max-width: 1024px) 100vw, 1024px\" \/><figcaption class=\"wp-element-caption\">Maqueta virtual del monumento a los Testigos de Jehov\u00e1 perseguidos y asesinados bajo el nacionalsocialismo, Matthias Leeck, s\u00edntesis de im\u00e1genes, 2026<\/figcaption><\/figure>\n\n<p>Tras 15 a\u00f1os de intensos esfuerzos, el monumento conmemorativo a los Testigos de Jehov\u00e1 perseguidos y asesinados bajo el nacionalsocialismo se est\u00e1 haciendo realidad: las obras de construcci\u00f3n comenzar\u00e1n en marzo de 2026 en el Tiergarten de Berl\u00edn, cerca del Estanque de los Peces Dorados. El proyecto se basa en una resoluci\u00f3n aprobada por el Bundestag alem\u00e1n el 22 de junio de 2023 y est\u00e1 financiado por el Comisario de Cultura y Medios de Comunicaci\u00f3n del Gobierno Federal. La Fundaci\u00f3n Memorial de los Jud\u00edos Asesinados de Europa<a href=\"https:\/\/www.stiftung-denkmal.de\" target=\"_blank\" data-type=\"link\" data-id=\"www.stiftung-denkmal.de\" rel=\"noreferrer noopener nofollow\">(www.stiftung-denkmal.de<\/a>) es responsable de su realizaci\u00f3n.  <\/p>\n\n<p>El artista Matthias Leeck dise\u00f1\u00f3 la sencilla escultura de bronce en forma de tronco de \u00e1rbol para el lugar conmemorativo. La obra de arte mide 4,95 metros de altura, pesa unas 10 toneladas y, debido a su peso, se transporta al emplazamiento en piezas individuales y se monta in situ. Junto con un panel informativo, una ruta de acceso y diversas plantaciones, el lugar conmemorativo se integra en el monumento paisaj\u00edstico del jard\u00edn Gro\u00dfer Tiergarten de acuerdo con las especificaciones de la Oficina de Monumentos Estatales.  <\/p>\n\n<p>La entrega ceremonial del monumento al p\u00fablico tendr\u00e1 lugar el 24 de junio de 2026 en una ceremonia de una hora de duraci\u00f3n. Se espera que asistan, entre otros, la presidenta del Bundestag, Julia Kl\u00f6ckner, el secretario de Estado de Cultura y Medios de Comunicaci\u00f3n, Wolfram Weimer, y la senadora berlinesa de Cultura, Sarah Wedl-Wilson. El d\u00eda anterior, la Fundaci\u00f3n Arnold Liebster ofrecer\u00e1 una recepci\u00f3n en la Akademie der K\u00fcnste de la Pariser Platz. Puedes encontrar m\u00e1s detalles sobre el programa de la inauguraci\u00f3n en <a href=\"https:\/\/www.stiftung-denkmal.de\/aktuelles\/errichtung-des-mahnmals-fuer-die-zeugen-jehovas-beginnt\/\" target=\"_blank\" data-type=\"link\" data-id=\"https:\/\/www.stiftung-denkmal.de\/aktuelles\/errichtung-des-mahnmals-fuer-die-zeugen-jehovas-beginnt\/\" rel=\"noreferrer noopener nofollow\">www.stiftung-denkmal.de\/aktuelles\/errichtung-des-mahnmals-fuer-die-zeugen-jehovas-beginnt\/.<\/a>   <\/p>\n\n<p>El lugar cercano al estanque de los peces de colores tiene un significado hist\u00f3rico especial: el 22 de agosto de 1936, la Gestapo llev\u00f3 a cabo all\u00ed una operaci\u00f3n de detenci\u00f3n contra destacados Testigos de Jehov\u00e1. La comunidad religiosa hab\u00eda sido perseguida sistem\u00e1ticamente en Alemania desde 1933 y en toda la Europa gobernada por los nazis a partir de 1938. Casi 14.000 Testigos de Jehov\u00e1 fueron encarcelados, 4.200 de ellos en campos de concentraci\u00f3n, donde fueron estigmatizados con un \u00abtri\u00e1ngulo morado\u00bb. Al menos 1.700 de ellos perdieron la vida.   <\/p>\n\n<p><\/p>\n","protected":false},"excerpt":{"rendered":"<p>Tras 15 a\u00f1os de intensos esfuerzos, el monumento conmemorativo a los Testigos de Jehov\u00e1 perseguidos y asesinados bajo el nacionalsocialismo se est\u00e1 haciendo realidad: las obras de construcci\u00f3n comenzar\u00e1n en marzo de 2026 en el Tiergarten de Berl\u00edn, cerca del Estanque de los Peces Dorados. El proyecto se basa en una resoluci\u00f3n aprobada por el [&hellip;]<\/p>\n","protected":false},"author":1,"featured_media":16395,"comment_status":"closed","ping_status":"closed","sticky":false,"template":"","format":"standard","meta":{"inline_featured_image":false,"footnotes":""},"categories":[122],"tags":[],"class_list":["post-15880","post","type-post","status-publish","format-standard","has-post-thumbnail","hentry","category-noticias"],"_links":{"self":[{"href":"https:\/\/alst.org\/es\/wp-json\/wp\/v2\/posts\/15880","targetHints":{"allow":["GET"]}}],"collection":[{"href":"https:\/\/alst.org\/es\/wp-json\/wp\/v2\/posts"}],"about":[{"href":"https:\/\/alst.org\/es\/wp-json\/wp\/v2\/types\/post"}],"author":[{"embeddable":true,"href":"https:\/\/alst.org\/es\/wp-json\/wp\/v2\/users\/1"}],"replies":[{"embeddable":true,"href":"https:\/\/alst.org\/es\/wp-json\/wp\/v2\/comments?post=15880"}],"version-history":[{"count":3,"href":"https:\/\/alst.org\/es\/wp-json\/wp\/v2\/posts\/15880\/revisions"}],"predecessor-version":[{"id":16468,"href":"https:\/\/alst.org\/es\/wp-json\/wp\/v2\/posts\/15880\/revisions\/16468"}],"wp:featuredmedia":[{"embeddable":true,"href":"https:\/\/alst.org\/es\/wp-json\/wp\/v2\/media\/16395"}],"wp:attachment":[{"href":"https:\/\/alst.org\/es\/wp-json\/wp\/v2\/media?parent=15880"}],"wp:term":[{"taxonomy":"category","embeddable":true,"href":"https:\/\/alst.org\/es\/wp-json\/wp\/v2\/categories?post=15880"},{"taxonomy":"post_tag","embeddable":true,"href":"https:\/\/alst.org\/es\/wp-json\/wp\/v2\/tags?post=15880"}],"curies":[{"name":"wp","href":"https:\/\/api.w.org\/{rel}","templated":true}]}}