{"id":11809,"date":"2023-03-11T23:40:05","date_gmt":"2023-03-11T23:40:05","guid":{"rendered":"https:\/\/alst.org\/sin-categorizar\/comunicado-de-prensa-declaracion-conjunta\/"},"modified":"2024-03-12T06:31:59","modified_gmt":"2024-03-12T06:31:59","slug":"comunicado-de-prensa-declaracion-conjunta","status":"publish","type":"post","link":"https:\/\/alst.org\/es\/noticias\/comunicado-de-prensa-declaracion-conjunta\/","title":{"rendered":"Comunicado de prensa: declaraci\u00f3n conjunta"},"content":{"rendered":"\n<h2 class=\"wp-block-heading\">Atentado en Hamburgo exige diligencia en la informaci\u00f3n y solidaridad con los Testigos de Jehov\u00e1 atacados<\/h2>\n\n<p>Estamos acompa\u00f1ando a los Testigos de Jehov\u00e1, que fueron atacados con brutalidad en su congregaci\u00f3n de Hamburgo la noche del 9 de marzo de 2023. Sentimos mucho lo que han pasado, tanto los heridos, como la madre del ni\u00f1o no nacido, las familias y amigos de los asesinados. Recordamos a las siete personas, a quienes les quitaron la vida cruelmente esa noche.<\/p>\n\n<p>Los asesinados formaban parte de una comunidad religiosa cristiana que desde hace muchos a\u00f1os ha sido y sigue siendo atacada y perseguida violentamente hasta nuestros d\u00edas. Los Testigos de Jehov\u00e1 fueron la primera comunidad religiosa prohibida por los nacionalsocialistas (nazis). Los nazis asesinaron a unos 1.800 Testigos de Jehov\u00e1, porque rechazaban el servicio militar y el culto al \u201cl\u00edder\u201d (Hitler), se opon\u00edan a la dictadura terrorista, y apoyaban a otras personas perseguidas. Otros cientos de Testigos de Jehov\u00e1 murieron y miles fueron encarcelados bajo la tiran\u00eda comunista en la RDA y Europa del Este. En 1994, 400 Testigos de Jehov\u00e1 fueron asesinados en Ruanda por oponerse al genocidio. Hoy en d\u00eda los Testigos de Jehov\u00e1 son perseguidos en la federaci\u00f3n rusa, privados de sus derechos, y maltratados. M\u00e1s de 100 se encuentran en prisiones y campos penales.<\/p>\n\n<p>La pol\u00edtica, la sociedad, y los medios de comunicaci\u00f3n de la Rep\u00fablica Federal de Alemania tienen una responsabilidad hist\u00f3rica para con los Testigos de Jehov\u00e1. En el momento del asesinato de siete ciudadanos alemanes, no debe permitirse que resurjan prejuicios cultivados durante d\u00e9cadas. Especialmente los medios de comunicaci\u00f3n deben tener much\u00edsimo cuidado al respecto. Al igual que ocurre con otras minor\u00edas, el umbral de la malicia, el odio, y la incitaci\u00f3n se traspasa r\u00e1pidamente, como ya es evidente en las redes sociales, pero tambi\u00e9n en algunos comentarios de la prensa de renombre.<\/p>\n\n<p>Lo cierto es que, estos prejuicios han sido refutados por investigaciones s\u00f3lidas y tambi\u00e9n en casos judiciales. El Tribunal Constitucional Federal ha concedido a los Testigos de Jehov\u00e1 el estatuto de entidad de derecho p\u00fablico. El Tribunal Europeo de Derechos Humanos ha condenado repetidamente la discriminaci\u00f3n contra los Testigos de Jehov\u00e1.<\/p>\n\n<p>El hecho es que, los Testigos de Jehov\u00e1 son una comunidad cristiana pac\u00edfica y comprometida a rechazar la violencia, para quienes el antirracismo ya es una realidad que han vivido durante d\u00e9cadas.<\/p>\n\n<p>La realidad es que muchos de los prejuicios dirigidos hacia los Testigos de Jehov\u00e1 como comunidad religiosa, como tambi\u00e9n contra los m\u00e1s de ocho millones de Testigos de Jehov\u00e1 en todo el mundo (de los cuales casi 200.000 est\u00e1n en Alemania), se formaron en tiempos de ideolog\u00edas antipluralistas y de \u201cla comunidad popular\u201d. C\u00edrculos \u00e9tnicos, nacionalsocialistas y eclesi\u00e1sticos los utilizaron para justificar persecuci\u00f3n y violencia. Tambi\u00e9n en la Rep\u00fablica Federal de Alemania, la visi\u00f3n sobre esta comunidad cristiana estaba dominada durante d\u00e9cadas por \u00abexpertos\u00bb, que no eran en absoluto imparciales, y cuyas propias iglesias no se opon\u00edan al nacionalsocialismo, como s\u00ed lo hicieron los Testigos de Jehov\u00e1.<\/p>\n\n<p>Adem\u00e1s, se sabe que muchas veces los autores de cr\u00edmenes buscan v\u00edctimas en su entorno personal, como, por ejemplo, en sus antiguos colegios. Por eso, queda prohibido especular sobre una relaci\u00f3n entre la comunidad religiosa y los motivos del autor del crimen. No se puede, ni se debe abusar de las v\u00edctimas de un delito para explicar las acciones de un criminal. Se proh\u00edbe hacer un uso indebido de este terrible crimen como una ocasi\u00f3n para hacer reportajes o comentarios prejuiciosos sobre los Testigos de Jehov\u00e1.<\/p>\n\n<p>Es necesario esperar las investigaciones y preservar la dignidad de las v\u00edctimas de este crimen.<\/p>\n\n<p>Hacemos un llamado a todos los ciudadanos, especialmente a los pol\u00edticos y a los medios de comunicaci\u00f3n, para que est\u00e9n a la altura de la responsabilidad hist\u00f3rica que tiene Alemania con los Testigos de Jehov\u00e1. Y, para que muestren su solidaridad con esta comunidad cristiana no s\u00f3lo hoy, sino de forma permanente.<\/p>\n\n<p>Opong\u00e1monos todos a todo prejuicio, a todo odio, y a toda incitaci\u00f3n. Defendamos la dignidad del ser humano, defendamos la dignidad de cada Testigo de Jehov\u00e1.<\/p>\n\n<p><strong>Stiftung Denkmal f\u00fcr die ermordeten Juden Europas<br\/><\/strong>Uwe Neum\u00e4rker<br\/>Director<\/p>\n\n<p><strong>Arnold-Liebster-Stiftung<br\/><\/strong>Uwe Klages, Uwe Langhals, Dr. Tim M\u00fcller<br\/>Junta directiva<\/p>\n\n<p>&#8212;&#8212;&#8212;&#8212;&#8212;&#8212;&#8212;&#8212;-<\/p>\n\n<p>Contacto<br\/><br\/>Stiftung Denkmal fu\u0308r die ermordeten Juden Europas<br\/>Presse- und \u00d6ffentlichkeitsarbeit <br\/>Tel. 030 26 39 43 26<br\/><a href=\"mailto:presse@stiftung-denkmal.de\" target=\"_blank\" rel=\"noreferrer noopener\">presse@stiftung-denkmal.de<\/a><\/p>\n\n<p><a href=\"https:\/\/alst.org\/es\/noticias\/comunicado-de-prensa-declaracion-conjunta\/\" data-type=\"URL\" data-id=\"https:\/\/alst.org\/es\/noticias\/comunicado-de-prensa-declaracion-conjunta\/\" target=\"_blank\" rel=\"noreferrer noopener\">Enlace a la declaraci\u00f3n conjunta en el sitio web de la Stiftung Denkmal<\/a><\/p>\n\n<p>&#8212;&#8212;&#8212;&#8212;&#8212;&#8212;&#8212;&#8212;-<\/p>\n\n<p>PDF de la declaraci\u00f3n en diferentes idiomas para descargar<\/p>\n\n<p><a href=\"https:\/\/alst.org\/wp-content\/uploads\/2023\/03\/Traduccion-Declaracion-conjunta-Atentado-en-Hamburgo-exige-diligencia-en-la-informacion-y-solidaridad-con-los-Testigos-de-Jehova-atacados-.pdf\" data-type=\"attachment\" data-id=\"11733\" target=\"_blank\" rel=\"noreferrer noopener\">Alem\u00e1n<\/a><\/p>\n\n<p><a href=\"https:\/\/alst.org\/wp-content\/uploads\/2023\/03\/PR_2023_03_11_JOINT_STATEMENT.pdf\" target=\"_blank\" data-type=\"attachment\" data-id=\"11886\" rel=\"noreferrer noopener\">Ingl\u00e9s<\/a><\/p>\n\n<p><a href=\"https:\/\/alst.org\/wp-content\/uploads\/2023\/03\/Gemeinsame-Stellungnahme-zum-Amoklauf-in-Hamburg-in-Griechisch.pdf\" data-type=\"attachment\" data-id=\"11803\" target=\"_blank\" rel=\"noreferrer noopener\">Griego<\/a><\/p>\n\n<p><a href=\"https:\/\/alst.org\/wp-content\/uploads\/2023\/03\/Traduccion-Declaracion-conjunta-Atentado-en-Hamburgo-exige-diligencia-en-la-informacion-y-solidaridad-con-los-Testigos-de-Jehova-atacados-.pdf\" target=\"_blank\" data-type=\"attachment\" data-id=\"11832\" rel=\"noreferrer noopener\">Espa\u00f1ol<\/a><\/p>\n\n<p><a href=\"https:\/\/alst.org\/wp-content\/uploads\/2023\/03\/BASIN-ACIKLAMASI-11-MART-2023.pdf\" data-type=\"attachment\" data-id=\"11838\" target=\"_blank\" rel=\"noreferrer noopener\">Turco<\/a><\/p>\n\n<p><a href=\"https:\/\/alst.org\/wp-content\/uploads\/2023\/03\/aktuel-ukr-PRESSEMITTEILUNG-GEMEINSAME-STELLUNGNAHME.pdf\" target=\"_blank\" data-type=\"attachment\" data-id=\"11926\" rel=\"noreferrer noopener\">Ucraniano<\/a><\/p>\n","protected":false},"excerpt":{"rendered":"<p>Atentado en Hamburgo exige diligencia en la informaci\u00f3n y solidaridad con los Testigos de Jehov\u00e1 atacados Estamos acompa\u00f1ando a los Testigos de Jehov\u00e1, que fueron atacados con brutalidad en su congregaci\u00f3n de Hamburgo la noche del 9 de marzo de 2023. Sentimos mucho lo que han pasado, tanto los heridos, como la madre del ni\u00f1o [&hellip;]<\/p>\n","protected":false},"author":1,"featured_media":11744,"comment_status":"closed","ping_status":"closed","sticky":false,"template":"","format":"standard","meta":{"inline_featured_image":false,"footnotes":""},"categories":[122,124],"tags":[],"class_list":["post-11809","post","type-post","status-publish","format-standard","has-post-thumbnail","hentry","category-noticias","category-prensa"],"_links":{"self":[{"href":"https:\/\/alst.org\/es\/wp-json\/wp\/v2\/posts\/11809","targetHints":{"allow":["GET"]}}],"collection":[{"href":"https:\/\/alst.org\/es\/wp-json\/wp\/v2\/posts"}],"about":[{"href":"https:\/\/alst.org\/es\/wp-json\/wp\/v2\/types\/post"}],"author":[{"embeddable":true,"href":"https:\/\/alst.org\/es\/wp-json\/wp\/v2\/users\/1"}],"replies":[{"embeddable":true,"href":"https:\/\/alst.org\/es\/wp-json\/wp\/v2\/comments?post=11809"}],"version-history":[{"count":45,"href":"https:\/\/alst.org\/es\/wp-json\/wp\/v2\/posts\/11809\/revisions"}],"predecessor-version":[{"id":13420,"href":"https:\/\/alst.org\/es\/wp-json\/wp\/v2\/posts\/11809\/revisions\/13420"}],"wp:featuredmedia":[{"embeddable":true,"href":"https:\/\/alst.org\/es\/wp-json\/wp\/v2\/media\/11744"}],"wp:attachment":[{"href":"https:\/\/alst.org\/es\/wp-json\/wp\/v2\/media?parent=11809"}],"wp:term":[{"taxonomy":"category","embeddable":true,"href":"https:\/\/alst.org\/es\/wp-json\/wp\/v2\/categories?post=11809"},{"taxonomy":"post_tag","embeddable":true,"href":"https:\/\/alst.org\/es\/wp-json\/wp\/v2\/tags?post=11809"}],"curies":[{"name":"wp","href":"https:\/\/api.w.org\/{rel}","templated":true}]}}